{"id":125736,"date":"2025-12-25T18:25:09","date_gmt":"2025-12-25T18:25:09","guid":{"rendered":"https:\/\/www.europesays.com\/fi\/125736\/"},"modified":"2025-12-25T18:25:09","modified_gmt":"2025-12-25T18:25:09","slug":"zelenskyi-vaikutti-toivovan-joulupuheessaan-putinin-kuolemaa","status":"publish","type":"post","link":"https:\/\/www.europesays.com\/fi\/125736\/","title":{"rendered":"Zelenskyi vaikutti toivovan joulupuheessaan Putinin kuolemaa"},"content":{"rendered":"<p>Ukraina|Puheen englanninkielisess\u00e4 k\u00e4\u00e4nn\u00f6ksess\u00e4 k\u00e4ytet\u00e4\u00e4n verbi\u00e4 \u2019perish\u2019.<\/p>\n<p>Lue tiivistelm\u00e4<\/p>\n<p class=\"article-body mb-nof-24 px-nof-16 sndp-summary-bullet-point-font\">Ukrainan presidentti Volodomyr Zelenskyi vaikutti joulupuheessaan toivovan Ven\u00e4j\u00e4n presidentin Vladimir Putinin kuolemaa.<\/p>\n<p class=\"article-body mb-nof-24 px-nof-16 sndp-summary-bullet-point-font\">Zelenskyi sanoi jouluaattona pit\u00e4m\u00e4ss\u00e4\u00e4n puheessa, ett\u00e4 ukrainalaisilla on yksi yhteinen toive: &#8217;h\u00e4n kuolkoon, h\u00e4n hukkukoon&#8217;.<\/p>\n<p class=\"article-body mb-nof-24 px-nof-16 sndp-summary-bullet-point-font\">Zelenskyi piti puheensa samana p\u00e4iv\u00e4n\u00e4, jolloin Ven\u00e4j\u00e4 l\u00e4hetti yli 130 droonia Ukrainaan ja tappoi ainakin 2 ihmist\u00e4.<\/p>\n<p class=\"article-body mb-nof-24 px-nof-16\">Ukrainan presidentti <a class=\"article-personlink\" href=\"https:\/\/www.hs.fi\/haku\/?query=Volodomyr%20Zelenskyi\" rel=\"nofollow noopener\" target=\"_blank\">Volodomyr Zelenskyi<\/a> vaikutti joulupuheessaan toivovan Ven\u00e4j\u00e4n presidentin <a class=\"article-personlink\" href=\"https:\/\/www.hs.fi\/haku\/?query=Vladimir%20Putinin\" rel=\"nofollow noopener\" target=\"_blank\">Vladimir Putinin<\/a> kuolemaa. Puheesta ovat uutisoineet muun muassa <a class=\"underline underline-offset-[0.12em] [text-decoration-thickness:var(--generic-link-underline-thickness)] [text-decoration-color:var(--generic-link-underline-color)] [text-decoration-skip-ink:var(--generic-link-underline-skip-ink)] break-words\" href=\"https:\/\/www.euronews.com\/2025\/12\/25\/zelenskyy-wishes-putin-would-perish-in-christmas-eve-address\" rel=\"nofollow noopener\" target=\"_blank\">Euronews<\/a> ja <a class=\"underline underline-offset-[0.12em] [text-decoration-thickness:var(--generic-link-underline-thickness)] [text-decoration-color:var(--generic-link-underline-color)] [text-decoration-skip-ink:var(--generic-link-underline-skip-ink)] break-words\" href=\"https:\/\/www.washingtonpost.com\/video\/world\/zelensky-appears-to-wish-putin-dead-in-christmas-address\/2025\/12\/24\/0b09e616-31c2-4842-9b1a-84c871456b76_video.html\" rel=\"nofollow noopener\" target=\"_blank\">The Washington Post<\/a>.<\/p>\n<p class=\"article-body mb-nof-24 px-nof-16\">Jouluaattona pit\u00e4m\u00e4ss\u00e4\u00e4n puheessa Zelenskyi esitt\u00e4\u00e4 toiveen kuolemasta, hukkumisesta tai tuhoutumisesta Putinin nime\u00e4 mainitsematta. Presidentti puhuu ukrainaksi, ja puheen englanninkielisiss\u00e4 k\u00e4\u00e4nn\u00f6ksiss\u00e4 k\u00e4ytet\u00e4\u00e4n verbi\u00e4 \u2019perish\u2019, jonka suomennoksia ovat muun muassa hukkua, kuolla ja saada surmansa.<\/p>\n<p><img decoding=\"async\" src=\"https:\/\/www.europesays.com\/fi\/wp-content\/uploads\/2025\/12\/1766687109_900_468.jpg\" alt=\"\" class=\"_Img_1rerz_1\" style=\"aspect-ratio:1.5\" loading=\"eager\"\/><\/p>\n<p class=\"article-picture-caption\">Kuva:\u00a0PRESIDENT OF UKRAINE<\/p>\n<p class=\"article-body mb-nof-24 px-nof-16\">Zelenskyi tulkitsee puheessaan ukrainalaisten tuntoja sanomalla, ett\u00e4 h\u00e4nen maanmiehill\u00e4\u00e4n on yksi yhteinen toive, kun \u201dtaivaat t\u00e4n\u00e4 y\u00f6n\u00e4 avautuvat\u201d.<\/p>\n<p class=\"article-body mb-nof-24 px-nof-16\">\u201dH\u00e4n kuolkoon, h\u00e4n hukkukoon [let him perish]\u201d, Zelenskyi sanoi Putinia mainitsematta.<\/p>\n<p class=\"article-body mb-nof-24 px-nof-16\">Puheesta uutisoineiden medioiden tulkinta on kuitenkin yhtenev\u00e4inen: kuolemantoiveiden kohde, puheen \u2019h\u00e4n\u2019 on Ven\u00e4j\u00e4n presidentti Vladimir Putin.<\/p>\n<p class=\"article-body mb-nof-24 px-nof-16\">Zelenskyi piti puheensa samana p\u00e4iv\u00e4n\u00e4, jolloin kertoi viimeisimpi\u00e4 yksityiskohtia Ukrainan ja Yhdysvaltojen hiomasta rauhansuunnitelmasta.<\/p>\n<p class=\"article-body mb-nof-24 px-nof-16\">Ven\u00e4j\u00e4lt\u00e4 tuli jouluaattona oma vastauksensa rauhansuunnitelmiin: yli 130 droonia Ukrainaan. Luku on per\u00e4isin Ukrainan ilmavoimilta.<\/p>\n<p class=\"article-body mb-nof-24 px-nof-16\">Ven\u00e4j\u00e4n keskiviikkoisissa iskuissa Ukrainaan kuoli eri puolilla ainakin kaksi ihmist\u00e4 ja haavoittui ainakin 35, ukrainalaiset viranomaiset raportoivat.<\/p>\n","protected":false},"excerpt":{"rendered":"Ukraina|Puheen englanninkielisess\u00e4 k\u00e4\u00e4nn\u00f6ksess\u00e4 k\u00e4ytet\u00e4\u00e4n verbi\u00e4 \u2019perish\u2019. Lue tiivistelm\u00e4 Ukrainan presidentti Volodomyr Zelenskyi vaikutti joulupuheessaan toivovan Ven\u00e4j\u00e4n presidentin Vladimir&hellip;\n","protected":false},"author":2,"featured_media":125737,"comment_status":"","ping_status":"","sticky":false,"template":"","format":"standard","meta":{"footnotes":""},"categories":[14],"tags":[22,23,26,27,33,31,30,17,46,24,25,28,29,15,18,21,32,19,20,56,16,59,60,61],"class_list":{"0":"post-125736","1":"post","2":"type-post","3":"status-publish","4":"format-standard","5":"has-post-thumbnail","7":"category-ulkomaat","8":"tag-breaking-news","9":"tag-breakingnews","10":"tag-featured-news","11":"tag-featurednews","12":"tag-fi","13":"tag-finland","14":"tag-finnish","15":"tag-headlines","16":"tag-helsingin-sanomat","17":"tag-latest-news","18":"tag-latestnews","19":"tag-main-news","20":"tag-mainnews","21":"tag-news","22":"tag-otsikot","23":"tag-paauutiset","24":"tag-suomi","25":"tag-top-stories","26":"tag-topstories","27":"tag-ulkomaat","28":"tag-uutiset","29":"tag-world","30":"tag-world-news","31":"tag-worldnews"},"share_on_mastodon":{"url":"https:\/\/pubeurope.com\/@fi\/115781613873244055","error":""},"_links":{"self":[{"href":"https:\/\/www.europesays.com\/fi\/wp-json\/wp\/v2\/posts\/125736","targetHints":{"allow":["GET"]}}],"collection":[{"href":"https:\/\/www.europesays.com\/fi\/wp-json\/wp\/v2\/posts"}],"about":[{"href":"https:\/\/www.europesays.com\/fi\/wp-json\/wp\/v2\/types\/post"}],"author":[{"embeddable":true,"href":"https:\/\/www.europesays.com\/fi\/wp-json\/wp\/v2\/users\/2"}],"replies":[{"embeddable":true,"href":"https:\/\/www.europesays.com\/fi\/wp-json\/wp\/v2\/comments?post=125736"}],"version-history":[{"count":0,"href":"https:\/\/www.europesays.com\/fi\/wp-json\/wp\/v2\/posts\/125736\/revisions"}],"wp:featuredmedia":[{"embeddable":true,"href":"https:\/\/www.europesays.com\/fi\/wp-json\/wp\/v2\/media\/125737"}],"wp:attachment":[{"href":"https:\/\/www.europesays.com\/fi\/wp-json\/wp\/v2\/media?parent=125736"}],"wp:term":[{"taxonomy":"category","embeddable":true,"href":"https:\/\/www.europesays.com\/fi\/wp-json\/wp\/v2\/categories?post=125736"},{"taxonomy":"post_tag","embeddable":true,"href":"https:\/\/www.europesays.com\/fi\/wp-json\/wp\/v2\/tags?post=125736"}],"curies":[{"name":"wp","href":"https:\/\/api.w.org\/{rel}","templated":true}]}}