{"id":125740,"date":"2025-12-25T18:27:10","date_gmt":"2025-12-25T18:27:10","guid":{"rendered":"https:\/\/www.europesays.com\/fi\/125740\/"},"modified":"2025-12-25T18:27:10","modified_gmt":"2025-12-25T18:27:10","slug":"israel-kertoo-surmanneensa-iranilaisen-eliittisotilaan-libanonissa-uutisia-lyhyesti","status":"publish","type":"post","link":"https:\/\/www.europesays.com\/fi\/125740\/","title":{"rendered":"Israel kertoo surmanneensa iranilaisen eliittisotilaan Libanonissa | Uutisia lyhyesti"},"content":{"rendered":"<p class=\"aw-1gybjub aw-1p7kakr kEtdKx cEmitX yle__article__paragraph\">Israelin armeija kertoo tehneens\u00e4 terrorisminvastaisen iskun Libanoniin torstaina.<\/p>\n<p class=\"aw-1gybjub aw-1p7kakr kEtdKx cEmitX yle__article__paragraph\">Iskun kohteena oli iranilaisten Quds-joukkojen eliittisotilas, joka sai Israelin mukaan surmansa. Ei ole tiedossa, miten isku tehtiin.<\/p>\n<p class=\"aw-1gybjub aw-1p7kakr kEtdKx cEmitX yle__article__paragraph\">Israel kertoo, ett\u00e4 surmattu sotilas suunnitteli terrori-iskuja Israelia vastaan Libanonista ja Syyriasta. Israelin mukaan toimia johdettiin Iranista.<\/p>\n<p class=\"aw-1gybjub aw-1p7kakr kEtdKx cEmitX yle__article__paragraph\">Israel hy\u00f6kk\u00e4si kes\u00e4kuussa useisiin sotilaskohteisiin ja ydinlaitoksiin Iranissa. Iran vastasi drooneilla ja ohjuksilla.<\/p>\n<p class=\"aw-1gybjub aw-1p7kakr kEtdKx cEmitX yle__article__paragraph\">Israelin ja Iranin v\u00e4linen sota kesti 12 p\u00e4iv\u00e4\u00e4. Sittemmin Israel on tehnyt tihe\u00e4\u00e4n tahtiin Libanoniin iskuja, joilla on pyritty heikent\u00e4m\u00e4\u00e4n Iranin tukemaa Hizbollah-j\u00e4rjest\u00f6\u00e4.<\/p>\n<p class=\"aw-1gybjub aw-1p7kakr kEtdKx cEmitX yle__article__paragraph\">L\u00e4hde: AFP, Reuters<\/p>\n","protected":false},"excerpt":{"rendered":"Israelin armeija kertoo tehneens\u00e4 terrorisminvastaisen iskun Libanoniin torstaina. Iskun kohteena oli iranilaisten Quds-joukkojen eliittisotilas, joka sai Israelin mukaan&hellip;\n","protected":false},"author":2,"featured_media":74,"comment_status":"","ping_status":"","sticky":false,"template":"","format":"standard","meta":{"footnotes":""},"categories":[5],"tags":[22,23,26,27,33,31,30,17,992,24,25,996,28,29,15,18,21,32,5715,19,20,56,16],"class_list":{"0":"post-125740","1":"post","2":"type-post","3":"status-publish","4":"format-standard","5":"has-post-thumbnail","7":"category-otsikot","8":"tag-breaking-news","9":"tag-breakingnews","10":"tag-featured-news","11":"tag-featurednews","12":"tag-fi","13":"tag-finland","14":"tag-finnish","15":"tag-headlines","16":"tag-lahi-ita","17":"tag-latest-news","18":"tag-latestnews","19":"tag-levottomuudet","20":"tag-main-news","21":"tag-mainnews","22":"tag-news","23":"tag-otsikot","24":"tag-paauutiset","25":"tag-suomi","26":"tag-terrorismi","27":"tag-top-stories","28":"tag-topstories","29":"tag-ulkomaat","30":"tag-uutiset"},"share_on_mastodon":{"url":"https:\/\/pubeurope.com\/@fi\/115781621709325288","error":""},"_links":{"self":[{"href":"https:\/\/www.europesays.com\/fi\/wp-json\/wp\/v2\/posts\/125740","targetHints":{"allow":["GET"]}}],"collection":[{"href":"https:\/\/www.europesays.com\/fi\/wp-json\/wp\/v2\/posts"}],"about":[{"href":"https:\/\/www.europesays.com\/fi\/wp-json\/wp\/v2\/types\/post"}],"author":[{"embeddable":true,"href":"https:\/\/www.europesays.com\/fi\/wp-json\/wp\/v2\/users\/2"}],"replies":[{"embeddable":true,"href":"https:\/\/www.europesays.com\/fi\/wp-json\/wp\/v2\/comments?post=125740"}],"version-history":[{"count":0,"href":"https:\/\/www.europesays.com\/fi\/wp-json\/wp\/v2\/posts\/125740\/revisions"}],"wp:featuredmedia":[{"embeddable":true,"href":"https:\/\/www.europesays.com\/fi\/wp-json\/wp\/v2\/media\/74"}],"wp:attachment":[{"href":"https:\/\/www.europesays.com\/fi\/wp-json\/wp\/v2\/media?parent=125740"}],"wp:term":[{"taxonomy":"category","embeddable":true,"href":"https:\/\/www.europesays.com\/fi\/wp-json\/wp\/v2\/categories?post=125740"},{"taxonomy":"post_tag","embeddable":true,"href":"https:\/\/www.europesays.com\/fi\/wp-json\/wp\/v2\/tags?post=125740"}],"curies":[{"name":"wp","href":"https:\/\/api.w.org\/{rel}","templated":true}]}}