{"id":125743,"date":"2025-12-25T18:46:11","date_gmt":"2025-12-25T18:46:11","guid":{"rendered":"https:\/\/www.europesays.com\/fi\/125743\/"},"modified":"2025-12-25T18:46:11","modified_gmt":"2025-12-25T18:46:11","slug":"jori-lehtera-iso-uutinen-suomikiekko","status":"publish","type":"post","link":"https:\/\/www.europesays.com\/fi\/125743\/","title":{"rendered":"Jori Lehter\u00e4: iso uutinen &#8211; SuomiKiekko"},"content":{"rendered":"<p>HIFK:n ykk\u00f6ssentteri <strong>Jori Lehter\u00e4n<\/strong> paluu tositoimiin pitk\u00e4n sairausloman j\u00e4lkeen l\u00e4henee.<\/p>\n<p>Perinteikk\u00e4\u00e4sen Spengler Cupiin matkaava HIFK on ilmoittanut veteraanihy\u00f6kk\u00e4\u00e4j\u00e4n turnaukseen osallistuvaan joukkueeseensa. Turnaus k\u00e4ynnistyy tapaninp\u00e4iv\u00e4n\u00e4 Sveitsiss\u00e4. Lehter\u00e4n on arvioitu palaavan kokoonpanoon tammikuussa.<\/p>\n<p>Lehter\u00e4 on n\u00e4hty HIFK:n pelaavassa kokoonpanossa viimeksi 3. lokakuuta ottelussa JYPi\u00e4 vastaan. 38-vuotias entinen NHL-hy\u00f6kk\u00e4\u00e4j\u00e4 on pelannut kuluvalla kaudella yhdeks\u00e4n Liiga-peli\u00e4 tehoin 0+4. Viime kaudella taituri ker\u00e4si 51 runkosarjapeliss\u00e4 tehot 7+52=59.<\/p>\n<p>\t\t\t\t\t\tLUE MY\u00d6S:\t\t\t\t<\/p>\n<p>\u00a0<\/p>\n","protected":false},"excerpt":{"rendered":"HIFK:n ykk\u00f6ssentteri Jori Lehter\u00e4n paluu tositoimiin pitk\u00e4n sairausloman j\u00e4lkeen l\u00e4henee. Perinteikk\u00e4\u00e4sen Spengler Cupiin matkaava HIFK on ilmoittanut veteraanihy\u00f6kk\u00e4\u00e4j\u00e4n&hellip;\n","protected":false},"author":2,"featured_media":125744,"comment_status":"","ping_status":"","sticky":false,"template":"","format":"standard","meta":{"footnotes":""},"categories":[158],"tags":[33,31,30,159,32,160],"class_list":{"0":"post-125743","1":"post","2":"type-post","3":"status-publish","4":"format-standard","5":"has-post-thumbnail","7":"category-urheilu","8":"tag-fi","9":"tag-finland","10":"tag-finnish","11":"tag-sports","12":"tag-suomi","13":"tag-urheilu"},"share_on_mastodon":{"url":"https:\/\/pubeurope.com\/@fi\/115781696541335826","error":""},"_links":{"self":[{"href":"https:\/\/www.europesays.com\/fi\/wp-json\/wp\/v2\/posts\/125743","targetHints":{"allow":["GET"]}}],"collection":[{"href":"https:\/\/www.europesays.com\/fi\/wp-json\/wp\/v2\/posts"}],"about":[{"href":"https:\/\/www.europesays.com\/fi\/wp-json\/wp\/v2\/types\/post"}],"author":[{"embeddable":true,"href":"https:\/\/www.europesays.com\/fi\/wp-json\/wp\/v2\/users\/2"}],"replies":[{"embeddable":true,"href":"https:\/\/www.europesays.com\/fi\/wp-json\/wp\/v2\/comments?post=125743"}],"version-history":[{"count":0,"href":"https:\/\/www.europesays.com\/fi\/wp-json\/wp\/v2\/posts\/125743\/revisions"}],"wp:featuredmedia":[{"embeddable":true,"href":"https:\/\/www.europesays.com\/fi\/wp-json\/wp\/v2\/media\/125744"}],"wp:attachment":[{"href":"https:\/\/www.europesays.com\/fi\/wp-json\/wp\/v2\/media?parent=125743"}],"wp:term":[{"taxonomy":"category","embeddable":true,"href":"https:\/\/www.europesays.com\/fi\/wp-json\/wp\/v2\/categories?post=125743"},{"taxonomy":"post_tag","embeddable":true,"href":"https:\/\/www.europesays.com\/fi\/wp-json\/wp\/v2\/tags?post=125743"}],"curies":[{"name":"wp","href":"https:\/\/api.w.org\/{rel}","templated":true}]}}