{"id":125749,"date":"2025-12-25T18:51:13","date_gmt":"2025-12-25T18:51:13","guid":{"rendered":"https:\/\/www.europesays.com\/fi\/125749\/"},"modified":"2025-12-25T18:51:13","modified_gmt":"2025-12-25T18:51:13","slug":"bowen-taisto-popkin-lahjoitti-jouluna-36-kiloa-suomalaista-suklaata-bostonin-kodittomille","status":"publish","type":"post","link":"https:\/\/www.europesays.com\/fi\/125749\/","title":{"rendered":"Bowen Taisto Popkin lahjoitti jouluna 36 kiloa suomalaista suklaata Bostonin kodittomille"},"content":{"rendered":"<p>\u201dToivottavasti t\u00e4m\u00e4 inspiroi ihmisi\u00e4 tekem\u00e4\u00e4n enemm\u00e4n hyv\u00e4\u00e4 toisilleen\u201d.<\/p>\n<p class=\"article-body mb-nof-24 px-nof-16\">T\u00e4n\u00e4 vuonna Suomessa asuessaan <a class=\"article-personlink\" href=\"https:\/\/www.is.fi\/haku\/?query=Bowen%20Taisto%20Popkin\" rel=\"nofollow noopener\" target=\"_blank\">Bowen Taisto Popkin<\/a> sai idean.<\/p>\n<p class=\"article-body mb-nof-24 px-nof-16\">Mit\u00e4p\u00e4 jos veisi suomalaista suklaata yhdysvaltalaisille kodittomille.<\/p>\n<p class=\"article-body mb-nof-24 px-nof-16\">Ajatuksessa yhdisty\u00e4 kaksi t\u00e4rke\u00e4\u00e4 asiaa: toisten auttaminen ja suomalainen suosikkiherkku.<\/p>\n<p class=\"article-body mb-nof-24 px-nof-16\">22-vuotias amerikansuomalainen Popkin kertoo ty\u00f6skennelleens\u00e4 aina teht\u00e4viss\u00e4, joissa h\u00e4n p\u00e4\u00e4see auttamaan ihmisi\u00e4. Kodittomien ruoka-apu on tuttu ty\u00f6 h\u00e4nelle Atlantin takaa Bostonista, josta h\u00e4nen perheens\u00e4 on kotoisin. Sen lis\u00e4ksi h\u00e4n on ty\u00f6skennellyt muun muassa ensihoitajana.<\/p>\n<p class=\"article-body mb-nof-24 px-nof-16\">Idealle perustan antoi Popkinin perhe, joka on tehnyt humanitaarista ty\u00f6t\u00e4 Namibiassa Suomen L\u00e4hetysseuran kanssa.<\/p>\n<p class=\"article-body mb-nof-24 px-nof-16\">\u2013 Se on iso motivaatio minulle, ett\u00e4 tekisin t\u00e4m\u00e4n.<\/p>\n<p class=\"article-body mb-nof-24 px-nof-16\">Popkinin perhe liittyy olennaisesti my\u00f6s suomalaiseen suklaaseen, t\u00e4ss\u00e4 tapauksessa Fazerin siniseen, jota he tilaavat joka vuosi joulup\u00f6yt\u00e4\u00e4n.<\/p>\n<p><img decoding=\"async\" src=\"https:\/\/www.europesays.com\/fi\/wp-content\/uploads\/2025\/12\/1766688672_741_468.jpg\" alt=\"22-vuotias Bowen Taisto Popkin sai idean jakaa suklaata asuessaan Suomessa.\" class=\"_Img_1rerz_1\" style=\"aspect-ratio:0.75\" loading=\"eager\"\/><\/p>\n<p class=\"article-picture-caption\">22-vuotias Bowen Taisto Popkin sai idean jakaa suklaata asuessaan Suomessa. Kuva:\u00a0Kotialbumi<\/p>\n<p><img decoding=\"async\" src=\"https:\/\/www.europesays.com\/fi\/wp-content\/uploads\/2025\/12\/1766688672_788_468.jpg\" alt=\"Bowen Taisto Popkin hankki Fazerin avustuksella yhteens\u00e4 36 kiloa sinikuorista suklaata.\" class=\"_Img_1rerz_1\" style=\"aspect-ratio:0.75\" loading=\"eager\"\/><\/p>\n<p class=\"article-picture-caption\">Bowen Taisto Popkin hankki Fazerin avustuksella yhteens\u00e4 36 kiloa sinikuorista suklaata. Kuva:\u00a0Kotialbumi<\/p>\n<p class=\"article-body mb-nof-24 px-nof-16\">Niinp\u00e4 Popkin otti tuumasta toimeen.<\/p>\n<p class=\"article-body mb-nof-24 px-nof-16\">H\u00e4n hankki Fazerin avustuksella yhteens\u00e4 36 kiloa sinikuorista suklaata, jotka h\u00e4n kuljetti joulukuun puoliv\u00e4liss\u00e4 Suomesta lentokoneen ruumassa Yhdysvaltojen it\u00e4rannikolla sijaitsevaan kotikaupunkiinsa.<\/p>\n<p class=\"article-body mb-nof-24 px-nof-16\">Operation Blue Christmas (Operaatio sininen joulu) -nimell\u00e4 kulkeva tempaus on her\u00e4tt\u00e4nyt runsaasti huomiota my\u00f6s sosiaalisessa mediassa.<\/p>\n<p class=\"article-body mb-nof-24 px-nof-16\">Popkinin Instagramissa jakama suklaanpakkausvideo on ker\u00e4nnyt t\u00e4h\u00e4n menness\u00e4 yli kaksi miljoonaa katselua.<\/p>\n<p class=\"article-body mb-nof-24 px-nof-16\">Suklaalevyt jaettiin asunnottomille Bostonissa jouluaattoa edelt\u00e4v\u00e4n\u00e4 iltana.<\/p>\n<p class=\"article-body mb-nof-24 px-nof-16\">Popkinille oli t\u00e4rke\u00e4\u00e4, ett\u00e4 jokainen niist\u00e4 oli k\u00e4\u00e4ritty omaksi paketikseen.<\/p>\n<p class=\"article-body mb-nof-24 px-nof-16\">\u2013 Haluan, ett\u00e4 kodittomat saavat oman herkun ja oikean lahjan jouluksi.<\/p>\n<p class=\"article-body mb-nof-24 px-nof-16\">H\u00e4n toivoo, ett\u00e4 operaation ker\u00e4\u00e4m\u00e4 huomio rohkaisee my\u00f6s muita hyv\u00e4ntekij\u00f6iksi.<\/p>\n<p class=\"article-body mb-nof-24 px-nof-16\">\u2013 Toivottavasti t\u00e4m\u00e4 inspiroi ihmisi\u00e4 tekem\u00e4\u00e4n enemm\u00e4n hyv\u00e4\u00e4 toisilleen.<\/p>\n<p><img decoding=\"async\" src=\"https:\/\/www.europesays.com\/fi\/wp-content\/uploads\/2025\/12\/1766688673_695_468.jpg\" alt=\"Suklaalevyt jaettiin asunnottomille Bostonissa jouluaattoa edelt\u00e4v\u00e4n\u00e4 iltana.\" class=\"_Img_1rerz_1\" style=\"aspect-ratio:0.75\" loading=\"eager\"\/><\/p>\n<p class=\"article-picture-caption\">Suklaalevyt jaettiin asunnottomille Bostonissa jouluaattoa edelt\u00e4v\u00e4n\u00e4 iltana. Kuva:\u00a0Kotialbumi<\/p>\n<p class=\"article-body mb-nof-24 px-nof-16\">Popkin haluaisi toistaa suklaatempauksen tulevina vuosinakin, tehden siit\u00e4 entist\u00e4 suuremman. H\u00e4n heitt\u00e4\u00e4 toiveissaan palloa l\u00e4hetyst\u00f6jen suuntaan.<\/p>\n<p class=\"article-body mb-nof-24 px-nof-16\">\u2013 Jos konsulaatti tai joku muu haluaisi auttaa tuomalla suklaat vaikka laivalla t\u00e4nne, jotta t\u00e4st\u00e4 voisi tulla jokavuotinen juttu. Se on haaveeni. T\u00e4st\u00e4 voisi tulla paljon hyv\u00e4\u00e4 molemmille maille.<\/p>\n<p class=\"article-body mb-nof-24 px-nof-16\">\u2013 T\u00e4m\u00e4 on t\u00e4ll\u00e4ista \u201dchocolate diplomacy\u201d (\u201dsuklaadiplomatiaa\u201d).<\/p>\n","protected":false},"excerpt":{"rendered":"\u201dToivottavasti t\u00e4m\u00e4 inspiroi ihmisi\u00e4 tekem\u00e4\u00e4n enemm\u00e4n hyv\u00e4\u00e4 toisilleen\u201d. T\u00e4n\u00e4 vuonna Suomessa asuessaan Bowen Taisto Popkin sai idean. Mit\u00e4p\u00e4&hellip;\n","protected":false},"author":2,"featured_media":125750,"comment_status":"","ping_status":"","sticky":false,"template":"","format":"standard","meta":{"footnotes":""},"categories":[14],"tags":[22,23,26,27,33,31,30,17,34,24,25,28,29,15,18,21,32,19,20,56,16,59,60,61],"class_list":{"0":"post-125749","1":"post","2":"type-post","3":"status-publish","4":"format-standard","5":"has-post-thumbnail","7":"category-ulkomaat","8":"tag-breaking-news","9":"tag-breakingnews","10":"tag-featured-news","11":"tag-featurednews","12":"tag-fi","13":"tag-finland","14":"tag-finnish","15":"tag-headlines","16":"tag-ilta-sanomat","17":"tag-latest-news","18":"tag-latestnews","19":"tag-main-news","20":"tag-mainnews","21":"tag-news","22":"tag-otsikot","23":"tag-paauutiset","24":"tag-suomi","25":"tag-top-stories","26":"tag-topstories","27":"tag-ulkomaat","28":"tag-uutiset","29":"tag-world","30":"tag-world-news","31":"tag-worldnews"},"share_on_mastodon":{"url":"https:\/\/pubeurope.com\/@fi\/115781716751423917","error":""},"_links":{"self":[{"href":"https:\/\/www.europesays.com\/fi\/wp-json\/wp\/v2\/posts\/125749","targetHints":{"allow":["GET"]}}],"collection":[{"href":"https:\/\/www.europesays.com\/fi\/wp-json\/wp\/v2\/posts"}],"about":[{"href":"https:\/\/www.europesays.com\/fi\/wp-json\/wp\/v2\/types\/post"}],"author":[{"embeddable":true,"href":"https:\/\/www.europesays.com\/fi\/wp-json\/wp\/v2\/users\/2"}],"replies":[{"embeddable":true,"href":"https:\/\/www.europesays.com\/fi\/wp-json\/wp\/v2\/comments?post=125749"}],"version-history":[{"count":0,"href":"https:\/\/www.europesays.com\/fi\/wp-json\/wp\/v2\/posts\/125749\/revisions"}],"wp:featuredmedia":[{"embeddable":true,"href":"https:\/\/www.europesays.com\/fi\/wp-json\/wp\/v2\/media\/125750"}],"wp:attachment":[{"href":"https:\/\/www.europesays.com\/fi\/wp-json\/wp\/v2\/media?parent=125749"}],"wp:term":[{"taxonomy":"category","embeddable":true,"href":"https:\/\/www.europesays.com\/fi\/wp-json\/wp\/v2\/categories?post=125749"},{"taxonomy":"post_tag","embeddable":true,"href":"https:\/\/www.europesays.com\/fi\/wp-json\/wp\/v2\/tags?post=125749"}],"curies":[{"name":"wp","href":"https:\/\/api.w.org\/{rel}","templated":true}]}}