{"id":12575,"date":"2025-08-21T23:25:07","date_gmt":"2025-08-21T23:25:07","guid":{"rendered":"https:\/\/www.europesays.com\/fi\/12575\/"},"modified":"2025-08-21T23:25:07","modified_gmt":"2025-08-21T23:25:07","slug":"kerttu-rissaselta-odottamaton-ulostulo-hakee-toita-mieluusti-teen","status":"publish","type":"post","link":"https:\/\/www.europesays.com\/fi\/12575\/","title":{"rendered":"Kerttu Rissaselta odottamaton ulostulo &#8211; hakee t\u00f6it\u00e4: &#8221;Mieluusti teen&#8221;"},"content":{"rendered":"<p>Upea Kerttu Rissanen on aloittanut syyskauden.<\/p>\n<p>-Kes\u00e4 oli, kes\u00e4 meni, h\u00e4n summaa.<\/p>\n<p>H\u00e4nell\u00e4 oli kuulemma ihanaa, oli rankkaa, oli palauttavaa, oli railakasta.<\/p>\n<p>-Ja ennen kaikkea tunnerikasta, Kerttu toteaa.<\/p>\n<p>T\u00e4h\u00e4n kohtaan h\u00e4n lis\u00e4\u00e4 enteilev\u00e4sti punaisen syd\u00e4nemojin.<\/p>\n<p>Kerttua kiinnostaa my\u00f6s roolihommat<\/p>\n<p>Nyt Kerttu kertoo olevansa valmiina syksyyn ja jopa pieneen rauhoittumiseen.<\/p>\n<p>H\u00e4n aikoo panostaa itseens\u00e4 ja varsinkin t\u00f6ihin.<\/p>\n<p>Niinp\u00e4 Kerttu ilmoittaa olevansa k\u00e4yt\u00f6ss\u00e4:<\/p>\n<p>-T\u00e4ss\u00e4 kans t\u00f6it\u00e4 hakusessa, eli jos tarviit juontajaa, yritystunteja (jooga\/pilates\/PT), someyhteist\u00f6it\u00e4, t\u00e4\u00e4ll\u00e4 min\u00e4 olen ja teen mieluusti.<\/p>\n<p>Kerttu paljastaa my\u00f6s estradille kaipuun ja mielihalunsa. H\u00e4net muistetaan Salkkareista, ja veri vet\u00e4\u00e4 parrasvaloihin j\u00e4lleen.<\/p>\n<p>-Jos kaipaat pikku rooliin n\u00e4yttelij\u00e4\u00e4, t\u00e4\u00e4ll\u00e4 min\u00e4 olen\u2026<\/p>\n<p>Kertusta upeat tuoreet kuvat alla tai <a href=\"https:\/\/www.instagram.com\/p\/DNoBpLlNHOj\/?img_index=1\" target=\"_blank\" rel=\"noreferrer noopener nofollow\">t\u00e4st\u00e4 linkist\u00e4.<\/a><\/p>\n<p>Lue my\u00f6s: <a href=\"https:\/\/www.como.fi\/tilaa-comon-uutiskirje\/\" title=\"Tilaa Comon uutiskirje ja tied\u00e4t mist\u00e4 kahvitauolla puhutaan! Nappaa kotimaan tv-vinkit ja puheenaiheet suoraan s\u00e4hk\u00f6postiin t\u00e4st\u00e4.\" class=\"underline-custom !font-montserrat !font-bold !underline-offset-4 !decoration-4 !decoration-red-600 !text-md\" rel=\"nofollow noopener\" target=\"_blank\">Tilaa Comon uutiskirje ja tied\u00e4t mist\u00e4 kahvitauolla puhutaan! Nappaa kotimaan tv-vinkit ja puheenaiheet suoraan s\u00e4hk\u00f6postiin t\u00e4st\u00e4.<\/a><\/p>\n<p>\t\t\t\t<script async src=\"\/\/www.instagram.com\/embed.js\"><\/script><\/p>\n","protected":false},"excerpt":{"rendered":"Upea Kerttu Rissanen on aloittanut syyskauden. -Kes\u00e4 oli, kes\u00e4 meni, h\u00e4n summaa. H\u00e4nell\u00e4 oli kuulemma ihanaa, oli rankkaa,&hellip;\n","protected":false},"author":2,"featured_media":12576,"comment_status":"","ping_status":"","sticky":false,"template":"","format":"standard","meta":{"footnotes":""},"categories":[136],"tags":[407,137,33,31,30,408,1811,32,109],"class_list":{"0":"post-12575","1":"post","2":"type-post","3":"status-publish","4":"format-standard","5":"has-post-thumbnail","7":"category-julkkikset","8":"tag-celebrities","9":"tag-entertainment","10":"tag-fi","11":"tag-finland","12":"tag-finnish","13":"tag-julkkikset","14":"tag-kerttu-rissanen","15":"tag-suomi","16":"tag-viihde"},"share_on_mastodon":{"url":"","error":""},"_links":{"self":[{"href":"https:\/\/www.europesays.com\/fi\/wp-json\/wp\/v2\/posts\/12575","targetHints":{"allow":["GET"]}}],"collection":[{"href":"https:\/\/www.europesays.com\/fi\/wp-json\/wp\/v2\/posts"}],"about":[{"href":"https:\/\/www.europesays.com\/fi\/wp-json\/wp\/v2\/types\/post"}],"author":[{"embeddable":true,"href":"https:\/\/www.europesays.com\/fi\/wp-json\/wp\/v2\/users\/2"}],"replies":[{"embeddable":true,"href":"https:\/\/www.europesays.com\/fi\/wp-json\/wp\/v2\/comments?post=12575"}],"version-history":[{"count":0,"href":"https:\/\/www.europesays.com\/fi\/wp-json\/wp\/v2\/posts\/12575\/revisions"}],"wp:featuredmedia":[{"embeddable":true,"href":"https:\/\/www.europesays.com\/fi\/wp-json\/wp\/v2\/media\/12576"}],"wp:attachment":[{"href":"https:\/\/www.europesays.com\/fi\/wp-json\/wp\/v2\/media?parent=12575"}],"wp:term":[{"taxonomy":"category","embeddable":true,"href":"https:\/\/www.europesays.com\/fi\/wp-json\/wp\/v2\/categories?post=12575"},{"taxonomy":"post_tag","embeddable":true,"href":"https:\/\/www.europesays.com\/fi\/wp-json\/wp\/v2\/tags?post=12575"}],"curies":[{"name":"wp","href":"https:\/\/api.w.org\/{rel}","templated":true}]}}