{"id":125753,"date":"2025-12-25T19:05:10","date_gmt":"2025-12-25T19:05:10","guid":{"rendered":"https:\/\/www.europesays.com\/fi\/125753\/"},"modified":"2025-12-25T19:05:10","modified_gmt":"2025-12-25T19:05:10","slug":"sofia-vergara-esitteli-aitinsa-nayttavat-naiset-valokeilassa","status":"publish","type":"post","link":"https:\/\/www.europesays.com\/fi\/125753\/","title":{"rendered":"Sofia Vergara esitteli \u00e4itins\u00e4: N\u00e4ytt\u00e4v\u00e4t Naiset Valokeilassa"},"content":{"rendered":"<p>            All Over Press\n        <\/p>\n<p class=\"subtitle \">Sofia ei ole perheens\u00e4 ainoa kaunotar.<\/p>\n<p class=\"article-content article-content-width !bg-background\">Kun lahjoja jaettiin, saattoi n\u00e4yttelij\u00e4 , 53, olla jonossa ensimm\u00e4isen\u00e4.<\/p>\n<p class=\"article-content article-content-width !bg-background\">Suomalaisyleis\u00f6 muistanee Sofian parhaiten Moderni perhe -komediasarjasta, jossa kolumbialaissyntyinen kaunotar n\u00e4ytteli l\u00e4mmint\u00e4, mutta r\u00e4iskyv\u00e4\u00e4 Gloriaa. Hieman toisenlaisten ohjelmien faneille Sofia saattoi tulla tutuksi Netflix-sarjan (2024) huumeparonitar .\u00a0<\/p>\n<p>        <a itemprop=\"url\" href=\"https:\/\/www.seiska.fi\/ulkomaat\/sofia-vergara-kiidatettiin-paivystykseen-hurja-kuva\/1931582\" rel=\"nofollow noopener\" target=\"_blank\"><\/p>\n<p>\nHurja kuva!\n<\/p>\n<p class=\"section-date\">\n        <strong class=\"article-section\" data-section=\"ulkomaat\"><br \/>\n            ulkomaat<br \/>\n        <\/strong><br \/>\n        15.9. 13:04\n    <\/p>\n<p>Sofia Vergara kiid\u00e4tettiin p\u00e4ivystykseen \u2013 hurja kuva!\n    <\/p>\n<p itemprop=\"description\" class=\"subtitle \">\n    N\u00e4yttelij\u00e4 joutui j\u00e4tt\u00e4ytym\u00e4\u00e4n viime hetkell\u00e4 pois Emmy-gaalasta.\n<\/p>\n<p>        <\/a><\/p>\n<p class=\"article-content article-content-width !bg-background\">Roolit ovat poikineet Sofialle my\u00f6s ehdokkuuksia palkintogaaloissa. Useista ehdokkuuksista huolimatta Emmyt ja Golden Globet ovat kuitenkin j\u00e4\u00e4neet toistaiseksi viel\u00e4 saavuttamatta.<\/p>\n<p>                <img decoding=\"async\" src=\"https:\/\/www.europesays.com\/fi\/wp-content\/uploads\/2025\/12\/2030203.webp\" width=\"576\" height=\"720\" alt=\"Sofian gaalatyyli\u00e4 vuodelta 2014.\" loading=\"lazy\" \/>            <\/p>\n<p>\n            Sofian gaalatyyli\u00e4 vuodelta 2014.<br \/>\n            HFPA Photographer\/JRC Photo Library\/Plux\/Shutterstock\/All Over Press\n        <\/p>\n<p class=\"article-content article-content-width !bg-background\">N\u00e4yttelij\u00e4nlahjojen lis\u00e4ksi Sofiaa on siunattu poikkeuksellisen upealla ulkomuodolla. H\u00e4nen kauneutensa kiinnitti er\u00e4\u00e4n valokuvaajan huomion Sofian ollessa viel\u00e4 teini. Kohtaaminen poiki nopeasti t\u00f6it\u00e4, ja niin alkoi Sofian ura mallina.\u00a0<\/p>\n<p>        <a itemprop=\"url\" href=\"https:\/\/www.seiska.fi\/ulkomaat\/talta-moderni-perhe-tahti-sofia-vergara-nayttaa-nyt-rinnalla-uusi-mies\/1856256\" rel=\"nofollow noopener\" target=\"_blank\"><\/p>\n<p>\nSofia Vergara\n<\/p>\n<p class=\"section-date\">\n        <strong class=\"article-section\" data-section=\"ulkomaat\"><br \/>\n            ulkomaat<br \/>\n        <\/strong><br \/>\n        19.7. 21:00\n    <\/p>\n<p>T\u00e4lt\u00e4 Moderni perhe -t\u00e4hti Sofia Vergara n\u00e4ytt\u00e4\u00e4 nyt \u2013 rinnalla uusi mies\n    <\/p>\n<p itemprop=\"description\" class=\"subtitle \">\n    El\u00e4m\u00e4ns\u00e4 kev\u00e4tt\u00e4 el\u00e4neen Sofian uusi kaveri on h\u00e4nt\u00e4 13 vuotta nuorempi mysteerimiljon\u00e4\u00e4ri.\n<\/p>\n<p>        <\/a><\/p>\n<p>N\u00e4ytt\u00e4vien naisten suku<\/p>\n<p class=\"article-content article-content-width !bg-background\">Viime aikoina Vergaran perheest\u00e4 valokeilaan on ponnistanut my\u00f6s muita. Luksuskiinteist\u00f6nv\u00e4litt\u00e4jist\u00e4 kertova Selling Sunset sai tuoreella tuotantokaudella riveihins\u00e4 . H\u00e4n on Sofian serkku, mutta h\u00e4n kasvoi Sofian perheess\u00e4.\u00a0<\/p>\n<p class=\"article-content article-content-width !bg-background\">Nyt maailma on saanut vilauksen my\u00f6s Sofian \u00e4idist\u00e4 . Hollywood-t\u00e4hti julkaisi hiljattain Instagramissa videon \u00e4itins\u00e4 syntym\u00e4p\u00e4iv\u00e4juhlista.\u00a0<\/p>\n<p>        <a itemprop=\"url\" href=\"https:\/\/www.seiska.fi\/katso\/moderni-perhe-tahdelle-erikoinen-kunnianosoitus-fanit-tyrmistyivat\/1870703\" rel=\"nofollow noopener\" target=\"_blank\"><\/p>\n<p>\nModerni perhe -t\u00e4hdelle kunnianosoitus\n<\/p>\n<p class=\"section-date\">\n        <strong class=\"article-section\" data-section=\"katso\"><br \/>\n            katso<br \/>\n        <\/strong><br \/>\n        17.7. 11:15\n    <\/p>\n<p>Moderni perhe -t\u00e4hdelle erikoinen kunnianosoitus \u2013 fanit tyrmistyiv\u00e4t\n    <\/p>\n<p itemprop=\"description\" class=\"subtitle \">\n    Sofia Vergara itse on kiitollinen entisen kotikaupunkinsa lahjasta.\n<\/p>\n<p>        <\/a><\/p>\n<p class=\"article-content article-content-width !bg-background\">Videolla Margarita, Sofia sek\u00e4 t\u00e4m\u00e4n siskontytt\u00f6  tanssivat iloisesti lattarimusiikin tahdissa. Margarita suosii hieman vaaleampaa hiustyyli\u00e4 kuin tytt\u00e4rens\u00e4, mutta muuten kolmikon yhdenn\u00e4k\u00f6isyys on huomattava.\u00a0<\/p>\n<p class=\"article-content article-content-width !bg-background\">\u2013 Hyv\u00e4\u00e4 syntym\u00e4p\u00e4iv\u00e4\u00e4 \u00e4iti, Sofia kirjoittaa julkaisussaan.<\/p>\n<p class=\"italic m-italic article-content article-content-width !bg-background\">Jos upotus ei toimi, <a href=\"https:\/\/www.instagram.com\/p\/DSitwEVEmY4\/\" target=\"_blank\" rel=\"nofollow noopener\">voit katsoa julkaisun t\u00e4\u00e4lt\u00e4<\/a>.<\/p>\n<p><script async src=\"\/\/www.instagram.com\/embed.js\"><\/script><\/p>\n","protected":false},"excerpt":{"rendered":"All Over Press Sofia ei ole perheens\u00e4 ainoa kaunotar. Kun lahjoja jaettiin, saattoi n\u00e4yttelij\u00e4 , 53, olla jonossa&hellip;\n","protected":false},"author":2,"featured_media":125754,"comment_status":"","ping_status":"","sticky":false,"template":"","format":"standard","meta":{"footnotes":""},"categories":[136],"tags":[1177,407,137,33,31,30,22413,408,11975,212,22412,22202,98,22414,22410,22411,32,109],"class_list":{"0":"post-125753","1":"post","2":"type-post","3":"status-publish","4":"format-standard","5":"has-post-thumbnail","7":"category-julkkikset","8":"tag-aiti","9":"tag-celebrities","10":"tag-entertainment","11":"tag-fi","12":"tag-finland","13":"tag-finnish","14":"tag-griselda-blanco","15":"tag-julkkikset","16":"tag-kaunotar","17":"tag-lifestyle","18":"tag-margarita-vergara","19":"tag-moderni-perhe","20":"tag-perhe","21":"tag-sandra-vergara","22":"tag-selling-sunset","23":"tag-sofia-vergara","24":"tag-suomi","25":"tag-viihde"},"share_on_mastodon":{"url":"https:\/\/pubeurope.com\/@fi\/115781771518624519","error":""},"_links":{"self":[{"href":"https:\/\/www.europesays.com\/fi\/wp-json\/wp\/v2\/posts\/125753","targetHints":{"allow":["GET"]}}],"collection":[{"href":"https:\/\/www.europesays.com\/fi\/wp-json\/wp\/v2\/posts"}],"about":[{"href":"https:\/\/www.europesays.com\/fi\/wp-json\/wp\/v2\/types\/post"}],"author":[{"embeddable":true,"href":"https:\/\/www.europesays.com\/fi\/wp-json\/wp\/v2\/users\/2"}],"replies":[{"embeddable":true,"href":"https:\/\/www.europesays.com\/fi\/wp-json\/wp\/v2\/comments?post=125753"}],"version-history":[{"count":0,"href":"https:\/\/www.europesays.com\/fi\/wp-json\/wp\/v2\/posts\/125753\/revisions"}],"wp:featuredmedia":[{"embeddable":true,"href":"https:\/\/www.europesays.com\/fi\/wp-json\/wp\/v2\/media\/125754"}],"wp:attachment":[{"href":"https:\/\/www.europesays.com\/fi\/wp-json\/wp\/v2\/media?parent=125753"}],"wp:term":[{"taxonomy":"category","embeddable":true,"href":"https:\/\/www.europesays.com\/fi\/wp-json\/wp\/v2\/categories?post=125753"},{"taxonomy":"post_tag","embeddable":true,"href":"https:\/\/www.europesays.com\/fi\/wp-json\/wp\/v2\/tags?post=125753"}],"curies":[{"name":"wp","href":"https:\/\/api.w.org\/{rel}","templated":true}]}}