{"id":125757,"date":"2025-12-25T19:12:09","date_gmt":"2025-12-25T19:12:09","guid":{"rendered":"https:\/\/www.europesays.com\/fi\/125757\/"},"modified":"2025-12-25T19:12:09","modified_gmt":"2025-12-25T19:12:09","slug":"selvisiko-manchester-united-saikahdyksella-ei-voi-korvata","status":"publish","type":"post","link":"https:\/\/www.europesays.com\/fi\/125757\/","title":{"rendered":"Selvisik\u00f6 Manchester United s\u00e4ik\u00e4hdyksell\u00e4? &#8221;Ei voi korvata&#8221;"},"content":{"rendered":"<p>  <img loading=\"lazy\" alt=\"\" src=\"https:\/\/www.europesays.com\/fi\/wp-content\/uploads\/2025\/12\/531e09d8ba2c7eb7f2f7d4c916ae42e76999183aac060ae570a8d76857e7a384\"  class=\"lazyload avatar avatar-96 photo\" height=\"96\" width=\"96\" decoding=\"async\"\/> <\/p>\n<p> <strong>Matias Hauhia<\/strong> | 25.12.2025 | 21.01<\/p>\n<p><strong>Ruben Amorimin ryhm\u00e4 on harvinaisessa tilanteessa, kun sen pit\u00e4\u00e4 pelata ilman kapteeniaan.<\/strong><\/p>\n<p>Manchester Unitedin p\u00e4\u00e4valmentaja <strong>Ruben Amorim<\/strong> kertoo, ett\u00e4 joukkue joutuu p\u00e4rj\u00e4\u00e4m\u00e4\u00e4n ainakin kuukauden ilman kapteeniaaan, <strong>Bruno Fernandesia.<\/strong><\/p>\n<p>Fernandes loukkasi takareitt\u00e4\u00e4n sunnuntain 2\u20131-tappiossa Aston Villaa vastaan.<\/p>\n<p>Amorim kertoi tuolloin, ett\u00e4 Portugalin maajoukkueen keskikentt\u00e4pelaaja j\u00e4isi pois tapaninp\u00e4iv\u00e4n kotiottelusta Newcastlea vastaan.<\/p>\n<p>Amorim ei halunnut BBC:n <a href=\"https:\/\/www.bbc.com\/sport\/football\/articles\/c75v0q99e7eo\" data-type=\"link\" data-id=\"https:\/\/www.bbc.com\/sport\/football\/articles\/c75v0q99e7eo\" target=\"_blank\" rel=\"noopener noreferrer nofollow\">mukaan<\/a> keskiviikon mediatilaisuudessa antaa tarkkaa aikataulua Fernandesin paluulle, mutta totesi, ett\u00e4 odotusten mukaan poissaolon ei pit\u00e4isi kest\u00e4\u00e4 kovin pitk\u00e4\u00e4n.<\/p>\n<p>Brittimedian mukaan seuran sis\u00e4iset l\u00e4hteet kertoo, ett\u00e4 31-vuotiaan Fernandesin odotetaan palaavan Manchesterin derbyyn City\u00e4 vastaan Old Traffordilla 17. tammikuuta, mik\u00e4 tarkoittaisi noin viiden ottelun mittaista poissaoloa.<\/p>\n<p>Enttudestaan United joutuu selvi\u00e4m\u00e4\u00e4n ilman <strong>Bryan Mbeumoa<\/strong> ja <strong>Amad Dialloa<\/strong>, jotka ovat Afrikan mestaruuskisoissa, ja <strong>Kobbie Mainoo<\/strong>, Fernandesin luontevin korvaaja, on sivussa pohjevamman vuoksi.<\/p>\n<p>\u2013 Brunoa ei voi korvata, Amorim sanoi. \u2013 Sanoin sen joukkueelle t\u00e4n\u00e4 aamuna. Meid\u00e4n on otettava t\u00e4st\u00e4 irti se hyv\u00e4 puoli \u2013 jos sellaista on \u2013 eli monen on nyt noustava esiin.<\/p>\n<p>Fernandesin loukkaantumishistoria on ollut poikkeuksellisen kevyt h\u00e4nen saavuttuaan Manchester Unitediin tammikuussa 2020 Sportingista. Kuuden vuoden aikana h\u00e4n on ollut sivussa vain kahdesta ottelusta loukkaantumisen ja yhden sairauden vuoksi.<\/p>\n","protected":false},"excerpt":{"rendered":"Matias Hauhia | 25.12.2025 | 21.01 Ruben Amorimin ryhm\u00e4 on harvinaisessa tilanteessa, kun sen pit\u00e4\u00e4 pelata ilman kapteeniaan.&hellip;\n","protected":false},"author":2,"featured_media":125758,"comment_status":"","ping_status":"","sticky":false,"template":"","format":"standard","meta":{"footnotes":""},"categories":[158],"tags":[33,31,30,159,32,160],"class_list":{"0":"post-125757","1":"post","2":"type-post","3":"status-publish","4":"format-standard","5":"has-post-thumbnail","7":"category-urheilu","8":"tag-fi","9":"tag-finland","10":"tag-finnish","11":"tag-sports","12":"tag-suomi","13":"tag-urheilu"},"share_on_mastodon":{"url":"https:\/\/pubeurope.com\/@fi\/115781798993377730","error":""},"_links":{"self":[{"href":"https:\/\/www.europesays.com\/fi\/wp-json\/wp\/v2\/posts\/125757","targetHints":{"allow":["GET"]}}],"collection":[{"href":"https:\/\/www.europesays.com\/fi\/wp-json\/wp\/v2\/posts"}],"about":[{"href":"https:\/\/www.europesays.com\/fi\/wp-json\/wp\/v2\/types\/post"}],"author":[{"embeddable":true,"href":"https:\/\/www.europesays.com\/fi\/wp-json\/wp\/v2\/users\/2"}],"replies":[{"embeddable":true,"href":"https:\/\/www.europesays.com\/fi\/wp-json\/wp\/v2\/comments?post=125757"}],"version-history":[{"count":0,"href":"https:\/\/www.europesays.com\/fi\/wp-json\/wp\/v2\/posts\/125757\/revisions"}],"wp:featuredmedia":[{"embeddable":true,"href":"https:\/\/www.europesays.com\/fi\/wp-json\/wp\/v2\/media\/125758"}],"wp:attachment":[{"href":"https:\/\/www.europesays.com\/fi\/wp-json\/wp\/v2\/media?parent=125757"}],"wp:term":[{"taxonomy":"category","embeddable":true,"href":"https:\/\/www.europesays.com\/fi\/wp-json\/wp\/v2\/categories?post=125757"},{"taxonomy":"post_tag","embeddable":true,"href":"https:\/\/www.europesays.com\/fi\/wp-json\/wp\/v2\/tags?post=125757"}],"curies":[{"name":"wp","href":"https:\/\/api.w.org\/{rel}","templated":true}]}}