{"id":125761,"date":"2025-12-25T19:15:10","date_gmt":"2025-12-25T19:15:10","guid":{"rendered":"https:\/\/www.europesays.com\/fi\/125761\/"},"modified":"2025-12-25T19:15:10","modified_gmt":"2025-12-25T19:15:10","slug":"mark-hamill-otti-kantaa-tekoalyn-hyodyntamiseen-tahtien-sota-elokuvissa-taytyy-jutella-perheen-kanssa","status":"publish","type":"post","link":"https:\/\/www.europesays.com\/fi\/125761\/","title":{"rendered":"Mark Hamill otti kantaa teko\u00e4lyn hy\u00f6dynt\u00e4miseen T\u00e4htien sota -elokuvissa &#8211; &#8221;T\u00e4ytyy jutella perheen kanssa&#8221;"},"content":{"rendered":"<p>Luke Skywalkerina tunnettu<strong> Mark Hamill <\/strong>otti uudessa haastattelussa kantaa T\u00e4htien sota -elokuvasta tehtailtuihin deepfake-videoihin.<\/p>\n<p>\u201cOn kiehtovaa seurata, miten se (teko\u00e4ly) kehittyy, mutta olen my\u00f6s huolestunut siit\u00e4, miten sit\u00e4 tullaan k\u00e4ytt\u00e4m\u00e4\u00e4n\u201d, Hamill lausui.<\/p>\n<p>Lue my\u00f6s: <a href=\"https:\/\/www.episodi.fi\/uutiset\/mark-hamill-paljasti-48-vuoden-jalkeen-suosikkirepliikkinsa-tahtien-sodasta\/\" title=\"Mark Hamill paljasti 48 vuoden j\u00e4lkeen suosikkirepliikkins\u00e4 T\u00e4htien sodasta\" class=\"underline-custom !font-montserrat !font-bold !underline-offset-4 !decoration-4 !decoration-episodi-blue !text-md\" rel=\"nofollow noopener\" target=\"_blank\">Mark Hamill paljasti 48 vuoden j\u00e4lkeen suosikkirepliikkins\u00e4 T\u00e4htien sodasta<\/a><\/p>\n<p>Lue my\u00f6s: <a href=\"https:\/\/www.episodi.fi\/uutiset\/nyt-ensi-illassa-mark-hamill-nayttelee-uudessa-fantasiaelementein-varustellussa-leffassa-paaroolissa-tom-hiddlestone\/\" title=\"Nyt ensi-illassa: Mark Hamill n\u00e4yttelee uudessa fantasiaelementein varustellussa leffassa \u2013 p\u00e4\u00e4roolissa Tom Hiddlestone\" class=\"underline-custom !font-montserrat !font-bold !underline-offset-4 !decoration-4 !decoration-episodi-blue !text-md\" rel=\"nofollow noopener\" target=\"_blank\">Nyt ensi-illassa: Mark Hamill n\u00e4yttelee uudessa fantasiaelementein varustellussa leffassa \u2013 p\u00e4\u00e4roolissa Tom Hiddlestone<\/a><\/p>\n<p>H\u00e4n viittasi haastattelussa muun muassa AI:lla luotuun \u201dn\u00e4yttelij\u00e4\u00e4n\u201d Tilly Norwoodiin ja kuvaili n\u00e4kem\u00e4\u00e4ns\u00e4 \u201cj\u00e4risytt\u00e4v\u00e4ksi\u201d. Hamill pohti my\u00f6s, j\u00e4\u00e4k\u00f6 hahmo ikuisesti samanik\u00e4iseksi.<\/p>\n<p>\u200bHamill tuntui tiedostavan, ett\u00e4 my\u00f6s h\u00e4nen omaa olemustaan voidaan k\u00e4ytt\u00e4\u00e4 tulevissa T\u00e4htien sota -elokuvissa ja\/tai sarjoissa.<\/p>\n<p>\u201cOn vaikea ennustaa tulevaisuutta. Luulen, ett\u00e4 minun t\u00e4ytyy jutella perheeni kanssa t\u00e4st\u00e4. En tied\u00e4, haluavatko he minun olevan T\u00e4htien sota \u2011elokuvassa 30 vuotta p\u00e4\u00e4st\u00e4 sen j\u00e4lkeen, kun olen poissa\u201d, Hamill lausui.<\/p>\n<p>L\u00e4hde: <a href=\"https:\/\/variety.com\/2025\/film\/news\/mark-hamill-star-wars-deepfakes-flying-dutchman-spongebob-1236616930\/\" rel=\"nofollow noopener\" target=\"_blank\">Variety<\/a><\/p>\n<p>Lue my\u00f6s: <a href=\"https:\/\/www.episodi.fi\/uutiskirje\/?uutiskirjemainos=tekstilinkkimainos\" title=\"Tilaa Episodin uutiskirje ja voit voittaa leffalippuja! Nappaa tv-vinkit suoraan s\u00e4hk\u00f6postiin t\u00e4st\u00e4.\" class=\"underline-custom !font-montserrat !font-bold !underline-offset-4 !decoration-4 !decoration-episodi-blue !text-md\" rel=\"nofollow noopener\" target=\"_blank\">Tilaa Episodin uutiskirje ja voit voittaa leffalippuja! Nappaa katseluvinkit suoraan s\u00e4hk\u00f6postiin t\u00e4st\u00e4.<\/a><\/p>\n","protected":false},"excerpt":{"rendered":"Luke Skywalkerina tunnettu Mark Hamill otti uudessa haastattelussa kantaa T\u00e4htien sota -elokuvasta tehtailtuihin deepfake-videoihin. \u201cOn kiehtovaa seurata, miten&hellip;\n","protected":false},"author":2,"featured_media":125762,"comment_status":"","ping_status":"","sticky":false,"template":"","format":"standard","meta":{"footnotes":""},"categories":[84],"tags":[33,31,30,4864,32,10915,91,92,433],"class_list":{"0":"post-125761","1":"post","2":"type-post","3":"status-publish","4":"format-standard","5":"has-post-thumbnail","7":"category-teknologia","8":"tag-fi","9":"tag-finland","10":"tag-finnish","11":"tag-mark-hamill","12":"tag-suomi","13":"tag-tahtien-sota","14":"tag-technology","15":"tag-teknologia","16":"tag-tekoaly"},"share_on_mastodon":{"url":"https:\/\/pubeurope.com\/@fi\/115781810507677547","error":""},"_links":{"self":[{"href":"https:\/\/www.europesays.com\/fi\/wp-json\/wp\/v2\/posts\/125761","targetHints":{"allow":["GET"]}}],"collection":[{"href":"https:\/\/www.europesays.com\/fi\/wp-json\/wp\/v2\/posts"}],"about":[{"href":"https:\/\/www.europesays.com\/fi\/wp-json\/wp\/v2\/types\/post"}],"author":[{"embeddable":true,"href":"https:\/\/www.europesays.com\/fi\/wp-json\/wp\/v2\/users\/2"}],"replies":[{"embeddable":true,"href":"https:\/\/www.europesays.com\/fi\/wp-json\/wp\/v2\/comments?post=125761"}],"version-history":[{"count":0,"href":"https:\/\/www.europesays.com\/fi\/wp-json\/wp\/v2\/posts\/125761\/revisions"}],"wp:featuredmedia":[{"embeddable":true,"href":"https:\/\/www.europesays.com\/fi\/wp-json\/wp\/v2\/media\/125762"}],"wp:attachment":[{"href":"https:\/\/www.europesays.com\/fi\/wp-json\/wp\/v2\/media?parent=125761"}],"wp:term":[{"taxonomy":"category","embeddable":true,"href":"https:\/\/www.europesays.com\/fi\/wp-json\/wp\/v2\/categories?post=125761"},{"taxonomy":"post_tag","embeddable":true,"href":"https:\/\/www.europesays.com\/fi\/wp-json\/wp\/v2\/tags?post=125761"}],"curies":[{"name":"wp","href":"https:\/\/api.w.org\/{rel}","templated":true}]}}