{"id":125767,"date":"2025-12-25T19:18:08","date_gmt":"2025-12-25T19:18:08","guid":{"rendered":"https:\/\/www.europesays.com\/fi\/125767\/"},"modified":"2025-12-25T19:18:08","modified_gmt":"2025-12-25T19:18:08","slug":"nain-suomalaisjulkkikset-viettivat-joulua-ilta-sanomat","status":"publish","type":"post","link":"https:\/\/www.europesays.com\/fi\/125767\/","title":{"rendered":"N\u00e4in suomalaisjulkkikset viettiv\u00e4t joulua &#8211; Ilta-Sanomat"},"content":{"rendered":"<p>Suomalaiset julkisuudenhenkil\u00f6t ovat viett\u00e4neet joulua monella tavalla.<\/p>\n<p class=\"article-body mb-nof-24 px-nof-16\">Joulu on tullut my\u00f6s Suomen julkimoille.<\/p>\n<p class=\"article-body mb-nof-24 px-nof-16\">IS kasasi t\u00e4h\u00e4n juttuun lis\u00e4\u00e4 suomalaisjulkkisten joulutunnelmia.<\/p>\n<p class=\"article-body mb-nof-24 px-nof-16\">Esimerkiksi huonekalukeisari <a class=\"article-personlink\" href=\"https:\/\/www.is.fi\/haku\/?query=Toivo%20Sukari\" rel=\"nofollow noopener\" target=\"_blank\">Toivo Sukari<\/a> <a class=\"underline underline-offset-[0.12em] [text-decoration-thickness:var(--generic-link-underline-thickness)] [text-decoration-color:var(--generic-link-underline-color)] [text-decoration-skip-ink:var(--generic-link-underline-skip-ink)] break-words\" href=\"https:\/\/www.instagram.com\/p\/DSqHIjfgGVY\/\" rel=\"nofollow noopener\" target=\"_blank\">on nauttinut <\/a>joulun tunnelmasta rakkaan <a class=\"article-personlink\" href=\"https:\/\/www.is.fi\/haku\/?query=Nadja\" rel=\"nofollow noopener\" target=\"_blank\">Nadja<\/a>-vaimonsa kanssa.<\/p>\n<p class=\"article-body mb-nof-24 px-nof-16\">Nadja Sukari poseeraa kuvassa kirkkaanpunaisessa mekossa ja mustissa avokkaissa. Toivolla on yll\u00e4\u00e4n tyk\u00f6istuva puku ja hohtavan valkoiset lenkkarit.<\/p>\n<p class=\"article-body mb-nof-24 px-nof-16\">Radiojuontaja <a class=\"article-personlink\" href=\"https:\/\/www.is.fi\/haku\/?query=Esko%20Eerik%C3%A4inen\" rel=\"nofollow noopener\" target=\"_blank\">Esko Eerik\u00e4inen <\/a>on viett\u00e4nyt joulua perhepiiriss\u00e4.<\/p>\n<p class=\"article-body mb-nof-24 px-nof-16\">Ensimm\u00e4isess\u00e4 <a class=\"underline underline-offset-[0.12em] [text-decoration-thickness:var(--generic-link-underline-thickness)] [text-decoration-color:var(--generic-link-underline-color)] [text-decoration-skip-ink:var(--generic-link-underline-skip-ink)] break-words\" href=\"https:\/\/www.instagram.com\/p\/DSp85_Giuh1\/?img_index=3\" rel=\"nofollow noopener\" target=\"_blank\">kuvassa <\/a>Eerik\u00e4inen poseeraa rakkaan <a class=\"article-personlink\" href=\"https:\/\/www.is.fi\/haku\/?query=Victoria\" rel=\"nofollow noopener\" target=\"_blank\">Victoria<\/a>-tytt\u00e4rens\u00e4 kanssa. Toisessa n\u00e4kyy yrme\u00e4sti ilmeilev\u00e4 valkoinen chihuahua. Kolmannessa on sitten koko k\u00f6\u00f6ri: Esko Eerik\u00e4inen, h\u00e4nen ex-puolisonsa <a class=\"article-personlink\" href=\"https:\/\/www.is.fi\/haku\/?query=Martina%20Aitolehti\" rel=\"nofollow noopener\" target=\"_blank\">Martina Aitolehti<\/a>, Victoria sek\u00e4 Aitolehden tyt\u00e4r<a class=\"article-personlink\" href=\"https:\/\/www.is.fi\/haku\/?query=%20Isabella\" rel=\"nofollow noopener\" target=\"_blank\"> Isabella<\/a> ja \u00e4iti <a class=\"article-personlink\" href=\"https:\/\/www.is.fi\/haku\/?query=Anne%20Aitolehti\" rel=\"nofollow noopener\" target=\"_blank\">Anne Aitolehti<\/a>.<\/p>\n<p class=\"article-body mb-nof-24 px-nof-16\">N\u00e4yttelij\u00e4 <a class=\"article-personlink\" href=\"https:\/\/www.is.fi\/haku\/?query=Linnea%20Leino\" rel=\"nofollow noopener\" target=\"_blank\">Linnea Leino<\/a> <a class=\"underline underline-offset-[0.12em] [text-decoration-thickness:var(--generic-link-underline-thickness)] [text-decoration-color:var(--generic-link-underline-color)] [text-decoration-skip-ink:var(--generic-link-underline-skip-ink)] break-words\" href=\"https:\/\/www.instagram.com\/p\/DSqIR-IiHqg\/\" rel=\"nofollow noopener\" target=\"_blank\">poseeraa ruokap\u00f6yd\u00e4ss\u00e4<\/a> ja l\u00e4hett\u00e4\u00e4 yksiselitteisen toivotuksen:<\/p>\n<p class=\"article-body mb-nof-24 px-nof-16\">\u2013 Hyv\u00e4\u00e4 joulua, h\u00e4n kirjoittaa.<\/p>\n<p class=\"article-body mb-nof-24 px-nof-16\">Hyvinvointivaikuttaja <a class=\"article-personlink\" href=\"https:\/\/www.is.fi\/haku\/?query=Nanna%20Karalahti\" rel=\"nofollow noopener\" target=\"_blank\">Nanna Karalahti<\/a> on viett\u00e4nyt joulua lastensa kanssa. H\u00e4n on jakanut Instagram-tilill\u00e4\u00e4n kuvan, jossa h\u00e4n poseeraa kolmen lapsensa kanssa. Kaikki ovat pukeutuneet juhlavaatteisiin. \u00c4idill\u00e4 on n\u00e4ytt\u00e4v\u00e4 punainen mekko ja vaaleat korkokeng\u00e4t, tytt\u00f6lapsilla niin ik\u00e4\u00e4n punaiset mekot ja pojalla on valkoinen kauluspaita.<\/p>\n<p class=\"article-body mb-nof-24 px-nof-16\">\u2013 Hyv\u00e4\u00e4 joulua meid\u00e4n perheelt\u00e4 ihan kaikille. Vatsa on ihan ylit\u00e4ynn\u00e4, lapset leikkiv\u00e4t ja on jotenkin ihana maata vaan sohvalla. Nauttia kun muut touhuu. Osaan t\u00e4n my\u00f6s eritt\u00e4in hyvin, Karalahti hehkuttaa saatetekstiss\u00e4.<\/p>\n<p class=\"article-body mb-nof-24 px-nof-16\">Perheen is\u00e4, entinen j\u00e4\u00e4kiekkoilija <a class=\"article-personlink\" href=\"https:\/\/www.is.fi\/haku\/?query=Jere%20Karalahti\" rel=\"nofollow noopener\" target=\"_blank\">Jere Karalahti<\/a>, istuu tutkintavankeudessa huumausainerikoksista ep\u00e4iltyn\u00e4.<\/p>\n<p class=\"article-body mb-nof-24 px-nof-16\">Ex-p\u00e4\u00e4ministeri <a class=\"article-personlink\" href=\"https:\/\/www.is.fi\/haku\/?query=Sanna%20Marinin\" rel=\"nofollow noopener\" target=\"_blank\">Sanna Marinin<\/a> entinen puoliso <a class=\"article-personlink\" href=\"https:\/\/www.is.fi\/haku\/?query=Markus%20R%C3%A4ikk%C3%B6nen\" rel=\"nofollow noopener\" target=\"_blank\">Markus R\u00e4ikk\u00f6nen<\/a> julkaisi jouluaattona videon, jossa h\u00e4n istuu lentokoneessa. H\u00e4n kertoo viett\u00e4neens\u00e4 aikaa <a class=\"article-personlink\" href=\"https:\/\/www.is.fi\/haku\/?query=Emma\" rel=\"nofollow noopener\" target=\"_blank\">Emma<\/a>-tytt\u00e4rens\u00e4 kanssa.<\/p>\n<p class=\"article-body mb-nof-24 px-nof-16\">\u2013 Meill\u00e4 on ollut mahtavat p\u00e4iv\u00e4t tytt\u00e4ren kanssa ja on tehty kaikkea kivaa yhdess\u00e4. El\u00e4m\u00e4 vie eri paikkoihin, mutta parasta joulussa on kun saa viett\u00e4\u00e4 aikaa t\u00e4rkeiden ja rakkaiden ihmisten kanssa, R\u00e4ikk\u00f6nen kirjoittaa.<\/p>\n<p class=\"article-body mb-nof-24 px-nof-16\">N\u00e4yttelij\u00e4 <a class=\"article-personlink\" href=\"https:\/\/www.is.fi\/haku\/?query=Riku%20Nieminen\" rel=\"nofollow noopener\" target=\"_blank\">Riku Nieminen<\/a> julkaisi jouluisen kuvan vauvoistaan. Niemisen kaksoslapset syntyiv\u00e4t syksyll\u00e4.<\/p>\n<p class=\"article-body mb-nof-24 px-nof-16\">\u2013 Hyv\u00e4\u00e4 joulua! Toivoo Pilli-tonttu ja Pulla-tonttu! Nieminen kirjoittaa.<\/p>\n<p class=\"article-body mb-nof-24 px-nof-16\">Riihilahden perhe on viett\u00e4nyt joulua varsin perinteiseen tapaan. Entinen jalkapalloilija <a class=\"article-personlink\" href=\"https:\/\/www.is.fi\/haku\/?query=Aki%20Riihilahti\" rel=\"nofollow noopener\" target=\"_blank\">Aki Riihilahti<\/a> on julkaissut koko perheest\u00e4 kuvan joulupukin kanssa.<\/p>\n<p class=\"article-body mb-nof-24 px-nof-16\">Julkaisussa n\u00e4kyy my\u00f6s, kun joulupukki jakaa lahjoja perheen lapsille. Yhdell\u00e4 videolla perheen tyt\u00e4r <a class=\"article-personlink\" href=\"https:\/\/www.is.fi\/haku\/?query=Olivia\" rel=\"nofollow noopener\" target=\"_blank\">Olivia <\/a>soittaa pianoa joulupukin jammaillessa ja <a class=\"article-personlink\" href=\"https:\/\/www.is.fi\/haku\/?query=Katri%20Riihilahden\" rel=\"nofollow noopener\" target=\"_blank\">Katri Riihilahden<\/a> sek\u00e4 perheen kuopuksen <a class=\"article-personlink\" href=\"https:\/\/www.is.fi\/haku\/?query=Kevinin\" rel=\"nofollow noopener\" target=\"_blank\">Kevinin <\/a>tanssiessa musiikin tahtiin.<\/p>\n<p class=\"article-body mb-nof-24 px-nof-16\">Tanssii t\u00e4htien kanssa -ohjelmasta tuttu tanssinopettaja <a class=\"article-personlink\" href=\"https:\/\/www.is.fi\/haku\/?query=Anssi%20Heikkil%C3%A4\" rel=\"nofollow noopener\" target=\"_blank\">Anssi Heikkil\u00e4<\/a> on viett\u00e4nyt joulua Kotkassa. H\u00e4n on julkaissut Instagramissa kuvan, jossa h\u00e4n poseeraa mumminsa kanssa joulukuusen edess\u00e4.<\/p>\n<p class=\"article-body mb-nof-24 px-nof-16\">\u2013 Tultiin mummin kanssa toivottamaan kaikille hyv\u00e4\u00e4 ja rauhaisaa joulua, Heikkil\u00e4 kirjoittaa.<\/p>\n<p class=\"article-body mb-nof-24 px-nof-16\">My\u00f6s Harkimot ovat juhlineet joulua yhdess\u00e4. <a class=\"article-personlink\" href=\"https:\/\/www.is.fi\/haku\/?query=Joel%20Harkimo\" rel=\"nofollow noopener\" target=\"_blank\">Joel Harkimo <\/a>on jakanut kuvan, jossa h\u00e4n poseeraa is\u00e4ns\u00e4 <a class=\"article-personlink\" href=\"https:\/\/www.is.fi\/haku\/?query=Hjallis%20Harkimon\" rel=\"nofollow noopener\" target=\"_blank\">Hjallis Harkimon<\/a> sek\u00e4 veljiens\u00e4 <a class=\"article-personlink\" href=\"https:\/\/www.is.fi\/haku\/?query=Dan\" rel=\"nofollow noopener\" target=\"_blank\">Dan <\/a>ja <a class=\"article-personlink\" href=\"https:\/\/www.is.fi\/haku\/?query=Leo%20Harkimon\" rel=\"nofollow noopener\" target=\"_blank\">Leo Harkimon<\/a> kanssa.<\/p>\n<p class=\"article-body mb-nof-24 px-nof-16\">\u2013 Harkimon poikien perinteinen joulukuva. Hyv\u00e4\u00e4 joulua kaikille, Joel Harkimo kirjoittaa.<\/p>\n<p class=\"article-body mb-nof-24 px-nof-16\">Mit\u00e4 ilmeisimmin my\u00f6s Hjallis Harkimon kumppani <a class=\"article-personlink\" href=\"https:\/\/www.is.fi\/haku\/?query=Jasmine%20Pajari\" rel=\"nofollow noopener\" target=\"_blank\">Jasmine Pajari<\/a> on ollut mukana joulunvietossa, sill\u00e4 Joel Harkimon julkaisemassa Instagram-tarinassa poseeraa Pajarin labradorinnoutaja Poika jouluasussa, ja my\u00f6s Pajari on julkaissut tarinoissaan videon koirastaan.<\/p>\n<p class=\"article-body mb-nof-24 px-nof-16\">Radiojuontaja ja vuoden 2021 Miss Suomi <a class=\"article-personlink\" href=\"https:\/\/www.is.fi\/haku\/?query=Essi%20Unkuri\" rel=\"nofollow noopener\" target=\"_blank\">Essi Unkuri<\/a> kertoo Instagram-tilill\u00e4\u00e4n viett\u00e4neens\u00e4 joulun Vaasassa perheens\u00e4 ja sukunsa kanssa. H\u00e4n on julkaissut kuvan yhdess\u00e4 aviomiehens\u00e4 <a class=\"article-personlink\" href=\"https:\/\/www.is.fi\/haku\/?query=Viljami%20Harjuniemen\" rel=\"nofollow noopener\" target=\"_blank\">Viljami Harjuniemen<\/a> kanssa.<\/p>\n<p class=\"article-body mb-nof-24 px-nof-16\">\u2013 K\u00e4vimme katsomassa auringonnousua avannosta ja saunasta, k\u00e4vimme meid\u00e4n vihkikirkossamme jouluhartaudessa, s\u00f6imme hyvin ja pukkikin oli j\u00e4tt\u00e4nyt meille lahjoja kuistille, Unkuri kirjoittaa.<\/p>\n<p class=\"article-body mb-nof-24 px-nof-16\">Somevaikuttaja ja Miss Suomi 2011 <a class=\"article-personlink\" href=\"https:\/\/www.is.fi\/haku\/?query=Sara%20Sieppi\" rel=\"nofollow noopener\" target=\"_blank\">Sara Sieppi<\/a> on viett\u00e4nyt rauhallista joulua perheens\u00e4 kanssa. H\u00e4n kertoo Instagramin tarinat-osiossa, ett\u00e4 nautti aattona ruoan vanhempiensa joulup\u00f6yd\u00e4ss\u00e4.<\/p>\n<p class=\"article-body mb-nof-24 px-nof-16\">H\u00e4n on jakanut kuvan koreasta p\u00f6yd\u00e4st\u00e4, johon on katettu ainakin hedelmi\u00e4, juustoja, keksej\u00e4 ja muita herkkuja. Yhdess\u00e4 kuvassa n\u00e4kyy, ett\u00e4 perhe on katsellut Joulupukin kuumaa linjaa.<\/p>\n<p class=\"article-body mb-nof-24 px-nof-16\">Sieppi on jakanut my\u00f6s herk\u00e4n kuvan kumppaninsa <a class=\"article-personlink\" href=\"https:\/\/www.is.fi\/haku\/?query=Pyry%20Soirin\" rel=\"nofollow noopener\" target=\"_blank\">Pyry Soirin<\/a> kanssa.<\/p>\n<p class=\"article-body mb-nof-24 px-nof-16\">\u2013 Ihanaa joulua. Viimeinen joulu kaksin \u2013 ensi vuonna meill\u00e4 on oma pieni tonttu menossa mukana! esikoislastaan odottava Sieppi iloitsee.<\/p>\n<p><script async src=\"\/\/www.instagram.com\/embed.js\"><\/script><\/p>\n","protected":false},"excerpt":{"rendered":"Suomalaiset julkisuudenhenkil\u00f6t ovat viett\u00e4neet joulua monella tavalla. Joulu on tullut my\u00f6s Suomen julkimoille. IS kasasi t\u00e4h\u00e4n juttuun lis\u00e4\u00e4&hellip;\n","protected":false},"author":2,"featured_media":125768,"comment_status":"","ping_status":"","sticky":false,"template":"","format":"standard","meta":{"footnotes":""},"categories":[12],"tags":[22,23,26,27,33,31,30,17,34,24,25,28,29,15,18,21,32,19,20,16],"class_list":{"0":"post-125767","1":"post","2":"type-post","3":"status-publish","4":"format-standard","5":"has-post-thumbnail","7":"category-suomi","8":"tag-breaking-news","9":"tag-breakingnews","10":"tag-featured-news","11":"tag-featurednews","12":"tag-fi","13":"tag-finland","14":"tag-finnish","15":"tag-headlines","16":"tag-ilta-sanomat","17":"tag-latest-news","18":"tag-latestnews","19":"tag-main-news","20":"tag-mainnews","21":"tag-news","22":"tag-otsikot","23":"tag-paauutiset","24":"tag-suomi","25":"tag-top-stories","26":"tag-topstories","27":"tag-uutiset"},"share_on_mastodon":{"url":"https:\/\/pubeurope.com\/@fi\/115781822494472782","error":""},"_links":{"self":[{"href":"https:\/\/www.europesays.com\/fi\/wp-json\/wp\/v2\/posts\/125767","targetHints":{"allow":["GET"]}}],"collection":[{"href":"https:\/\/www.europesays.com\/fi\/wp-json\/wp\/v2\/posts"}],"about":[{"href":"https:\/\/www.europesays.com\/fi\/wp-json\/wp\/v2\/types\/post"}],"author":[{"embeddable":true,"href":"https:\/\/www.europesays.com\/fi\/wp-json\/wp\/v2\/users\/2"}],"replies":[{"embeddable":true,"href":"https:\/\/www.europesays.com\/fi\/wp-json\/wp\/v2\/comments?post=125767"}],"version-history":[{"count":0,"href":"https:\/\/www.europesays.com\/fi\/wp-json\/wp\/v2\/posts\/125767\/revisions"}],"wp:featuredmedia":[{"embeddable":true,"href":"https:\/\/www.europesays.com\/fi\/wp-json\/wp\/v2\/media\/125768"}],"wp:attachment":[{"href":"https:\/\/www.europesays.com\/fi\/wp-json\/wp\/v2\/media?parent=125767"}],"wp:term":[{"taxonomy":"category","embeddable":true,"href":"https:\/\/www.europesays.com\/fi\/wp-json\/wp\/v2\/categories?post=125767"},{"taxonomy":"post_tag","embeddable":true,"href":"https:\/\/www.europesays.com\/fi\/wp-json\/wp\/v2\/tags?post=125767"}],"curies":[{"name":"wp","href":"https:\/\/api.w.org\/{rel}","templated":true}]}}