{"id":125769,"date":"2025-12-25T19:19:13","date_gmt":"2025-12-25T19:19:13","guid":{"rendered":"https:\/\/www.europesays.com\/fi\/125769\/"},"modified":"2025-12-25T19:19:13","modified_gmt":"2025-12-25T19:19:13","slug":"lukijoiden-kuvat-nayttavat-tallaista-on-toissa-jouluna","status":"publish","type":"post","link":"https:\/\/www.europesays.com\/fi\/125769\/","title":{"rendered":"Lukijoiden kuvat n\u00e4ytt\u00e4v\u00e4t: T\u00e4llaista on t\u00f6iss\u00e4 jouluna"},"content":{"rendered":"<p><img decoding=\"async\" src=\"https:\/\/www.europesays.com\/fi\/wp-content\/uploads\/2025\/12\/1766690349_653_978.jpg\" alt=\"Vuosaaren satamassa oli jouluaattona tavallinen p\u00e4iv\u00e4, mit\u00e4 nyt hieman rauhallisempaa, kertoo laivoja vastaanottava Jukka Viljanen. Tavallisesti rakennusalalla ty\u00f6skentelev\u00e4 Viljanen keikkailee satamassa, kun omalla alalla on hiljaisempaa. Aaton ty\u00f6p\u00e4iv\u00e4\u00e4 piristi komea auringonpaiste.\" class=\"_Img_1rerz_1\" style=\"aspect-ratio:1.3333333333333333\" loading=\"eager\"\/><\/p>\n<p class=\"article-picture-caption\">Vuosaaren satamassa oli jouluaattona tavallinen p\u00e4iv\u00e4, mit\u00e4 nyt hieman rauhallisempaa, kertoo laivoja vastaanottava Jukka Viljanen. Tavallisesti rakennusalalla ty\u00f6skentelev\u00e4 Viljanen keikkailee satamassa, kun omalla alalla on hiljaisempaa. Aaton ty\u00f6p\u00e4iv\u00e4\u00e4 piristi komea auringonpaiste. Kuva:\u00a0Lukijan kuva \/ Jukka Viljanen<\/p>\n<p>Joulutunnelmaan voi p\u00e4\u00e4st\u00e4 my\u00f6s ty\u00f6n touhussa. HS:n kuvakooste v\u00e4litt\u00e4\u00e4 tunnelmia ty\u00f6paikoilta.<\/p>\n<p class=\"article-body mb-nof-24 px-nof-16\">My\u00f6s jouluna ty\u00f6skenteleminen voi olla perinne. T\u00e4m\u00e4 k\u00e4y ilmi Helsingin Sanomien lukijoiden l\u00e4hett\u00e4mist\u00e4 kuvista, joissa esitell\u00e4\u00e4n aaton ja joulup\u00e4iv\u00e4n ty\u00f6rupeamaa.<\/p>\n<p class=\"article-body mb-nof-24 px-nof-16\">Ty\u00f6n touhussa on n\u00e4hty joulupukkeja, l\u00e4\u00e4k\u00e4reit\u00e4 ja hoitajia, maatilojen ty\u00f6ntekij\u00f6it\u00e4, baarimikkoja, muusikoita. Raiteilla, satamissa ja kirjastoissa on riitt\u00e4nyt t\u00f6it\u00e4 my\u00f6s silloin, kun suurin osa Suomesta lomailee.<\/p>\n<p class=\"article-body mb-nof-24 px-nof-16\">Voi sanoa, ett\u00e4 jouluna t\u00f6iss\u00e4 on paljon sellaisia sankareita, jotka huolehtivat muista ihmisist\u00e4 ja el\u00e4imist\u00e4, tavalla tai toisella.<\/p>\n<p class=\"article-body mb-nof-24 px-nof-16\">Me Helsingin Sanomissa pyysimme kuvia joulunvietosta. Kuvia tuli runsaasti eiv\u00e4tk\u00e4 kaikki mahtuneet mukaan juttuun. Jokaiselle joulun duunarille toimitus l\u00e4hett\u00e4\u00e4 kiitoksen ja terveiset!<\/p>\n<p><img decoding=\"async\" src=\"https:\/\/www.europesays.com\/fi\/wp-content\/uploads\/2025\/12\/1766690350_857_978.jpg\" alt=\"Lastenl\u00e4\u00e4k\u00e4ri Linda Rautiainen (punaisessa nutussa vasemmalla) kertoo, ett\u00e4 Rovaniemen sairaalan lasten osastolla joulu on ollut rauhallinen. Joulupukki vieraili vauvateholla, jonka vastasyntynyt potilas oli nukkumassa, mutta sai lahjan. Rautiainen viihtyy jouluna t\u00f6iss\u00e4 ja kehuu tunnelmaa \u201caivan ihanaksi\u201d. Kuvassa my\u00f6s sairaanhoitajat Eija Kortesalmi (keskell\u00e4) ja Virpi M\u00f6ll\u00e4ri (oikealla).\" class=\"_Img_1rerz_1\" style=\"aspect-ratio:0.75\" loading=\"eager\"\/><\/p>\n<p class=\"article-picture-caption\">Lastenl\u00e4\u00e4k\u00e4ri Linda Rautiainen (punaisessa nutussa vasemmalla) kertoo, ett\u00e4 Rovaniemen sairaalan lasten osastolla joulu on ollut rauhallinen. Joulupukki vieraili vauvateholla, jonka vastasyntynyt potilas oli nukkumassa, mutta sai lahjan. Rautiainen viihtyy jouluna t\u00f6iss\u00e4 ja kehuu tunnelmaa \u201caivan ihanaksi\u201d. Kuvassa my\u00f6s sairaanhoitajat Eija Kortesalmi (keskell\u00e4) ja Virpi M\u00f6ll\u00e4ri (oikealla). Kuva:\u00a0Lukijan kuva \/ Linda Rautiainen<\/p>\n<p><img decoding=\"async\" src=\"https:\/\/www.europesays.com\/fi\/wp-content\/uploads\/2025\/12\/1766690350_933_978.jpg\" alt=\"Oulun keskustakirjasto Saaressa vieraili aattona runsaat sata ihmist\u00e4, kertoo kirjastonhoitaja Taru Tanska. Tanska itse lainasi t\u00f6ist\u00e4 kotiin kasan elokuvia. Kirjasto on kiinni joulup\u00e4iv\u00e4n\u00e4 ja tapanina, ja silloin Tanska aikoo katsoa muun muassa uuden Myrskyluodon Maija -versioinnin.\" class=\"_Img_1rerz_1\" style=\"aspect-ratio:0.75\" loading=\"eager\"\/><\/p>\n<p class=\"article-picture-caption\">Oulun keskustakirjasto Saaressa vieraili aattona runsaat sata ihmist\u00e4, kertoo kirjastonhoitaja Taru Tanska. Tanska itse lainasi t\u00f6ist\u00e4 kotiin kasan elokuvia. Kirjasto on kiinni joulup\u00e4iv\u00e4n\u00e4 ja tapanina, ja silloin Tanska aikoo katsoa muun muassa uuden Myrskyluodon Maija -versioinnin. Kuva:\u00a0Lukijan kuva \/ Taru Tanska<\/p>\n<p><img decoding=\"async\" src=\"https:\/\/www.europesays.com\/fi\/wp-content\/uploads\/2025\/12\/1766690351_819_978.jpg\" alt=\"Haukilahdessa sijaitsevassa Pub Jaarlissa oli rauhallinen jouluy\u00f6, kertoo ravintolan Olli Tahvanainen. Tahvanainen halusi pit\u00e4\u00e4 \u201ckyl\u00e4n olohuoneeksi\u201d kutsumansa ravintolan auki, koska on paljon yksin\u00e4isi\u00e4 ihmisi\u00e4. \u201cOn hyv\u00e4, ett\u00e4 p\u00e4\u00e4see jonnekin turisemaan muiden kanssa\u201d, h\u00e4n sanoo. Tahvanainen itsekin halusi ty\u00f6skennell\u00e4 jouluna, koska ei omien sanojensa mukaan ole mik\u00e4\u00e4n jouluihminen.\" class=\"_Img_1rerz_1\" style=\"aspect-ratio:1.3333333333333333\" loading=\"eager\"\/><\/p>\n<p class=\"article-picture-caption\">Haukilahdessa sijaitsevassa Pub Jaarlissa oli rauhallinen jouluy\u00f6, kertoo ravintolan Olli Tahvanainen. Tahvanainen halusi pit\u00e4\u00e4 \u201ckyl\u00e4n olohuoneeksi\u201d kutsumansa ravintolan auki, koska on paljon yksin\u00e4isi\u00e4 ihmisi\u00e4. \u201cOn hyv\u00e4, ett\u00e4 p\u00e4\u00e4see jonnekin turisemaan muiden kanssa\u201d, h\u00e4n sanoo. Tahvanainen itsekin halusi ty\u00f6skennell\u00e4 jouluna, koska ei omien sanojensa mukaan ole mik\u00e4\u00e4n jouluihminen. Kuva:\u00a0Lukijan kuva \/ Olli Tahvanainen<\/p>\n<p><img decoding=\"async\" src=\"https:\/\/www.europesays.com\/fi\/wp-content\/uploads\/2025\/12\/1766690351_194_978.jpg\" alt=\"Tiro Rohkimainen sai aattona soittaa kahdessa messussa. Omaksi joulun suosikikseen Rohkimainen nimesi messun aloittaneen Heinill\u00e4 h\u00e4rkien kaukalon. V\u00e4ke\u00e4kin oli mukavasti, Rohkimainen kiittelee.\" class=\"_Img_1rerz_1\" style=\"aspect-ratio:0.46145833333333336\" loading=\"eager\"\/><\/p>\n<p class=\"article-picture-caption\">Tiro Rohkimainen sai aattona soittaa kahdessa messussa. Omaksi joulun suosikikseen Rohkimainen nimesi messun aloittaneen Heinill\u00e4 h\u00e4rkien kaukalon. V\u00e4ke\u00e4kin oli mukavasti, Rohkimainen kiittelee. Kuva:\u00a0Lukijan kuva \/ Tiro Rohkimainen<\/p>\n<p><img decoding=\"async\" src=\"https:\/\/www.europesays.com\/fi\/wp-content\/uploads\/2025\/12\/1766690351_420_978.jpg\" alt=\"Kun Tampereella sijaitsevan Ahlmanin maatalousoppilaitoksen opiskelijat ovat lomalla, l\u00e4hes 90 lypsylehm\u00e4n hoidosta vastaa oppilaitoksen henkil\u00f6kunta. Maatilamestari Harri Ala-Kapee osallistui maatilan t\u00f6ihin jouluaattona. El\u00e4imi\u00e4 hoidettiin kolmen hengen porukalla, ja samalla sy\u00f6tiin joulusuklaata ja kuunneltiin joululauluja. Navetan jouluvalot loivat my\u00f6s tunnelmaa.\" class=\"_Img_1rerz_1\" style=\"aspect-ratio:0.45\" loading=\"eager\"\/><\/p>\n<p class=\"article-picture-caption\">Kun Tampereella sijaitsevan Ahlmanin maatalousoppilaitoksen opiskelijat ovat lomalla, l\u00e4hes 90 lypsylehm\u00e4n hoidosta vastaa oppilaitoksen henkil\u00f6kunta. Maatilamestari Harri Ala-Kapee osallistui maatilan t\u00f6ihin jouluaattona. El\u00e4imi\u00e4 hoidettiin kolmen hengen porukalla, ja samalla sy\u00f6tiin joulusuklaata ja kuunneltiin joululauluja. Navetan jouluvalot loivat my\u00f6s tunnelmaa. Kuva:\u00a0Lukijan kuva<\/p>\n<p><img decoding=\"async\" src=\"https:\/\/www.europesays.com\/fi\/wp-content\/uploads\/2025\/12\/1766690352_266_978.jpg\" alt=\"Espoon sairaalan synnytysosaston henkil\u00f6kunta on ottanut jouluna vastaan useita \u201dpikkutonttuja\u201d. \u201dJouluna on erityinen tunnelma ja aattoy\u00f6n\u00e4 erityisesti on rauhallista\u201d, kuvailee valokuvan ottanut k\u00e4til\u00f6 Outi Kaasinen. Kaasisen mukaan jouluna osastolle tullaan vain kun on aivan pakko \u2013 varsinkin uudelleensynnytt\u00e4j\u00e4t pinnistelev\u00e4t kotona jalat ristiss\u00e4. Yl\u00e4riviss\u00e4 Raisa Rajaniemi, Heidi Renman, Lotta M\u00e4ki ja Anu Virtanen. Keskell\u00e4 vauva syliss\u00e4\u00e4n Liisa West ja t\u00e4m\u00e4n vieress\u00e4 Sanna Palmu, alhaalla vasemmalla Anna Parhamaa ja oikealla Enni Stigman.\" class=\"_Img_1rerz_1\" style=\"aspect-ratio:0.6286458333333333\" loading=\"eager\"\/><\/p>\n<p class=\"article-picture-caption\">Espoon sairaalan synnytysosaston henkil\u00f6kunta on ottanut jouluna vastaan useita \u201dpikkutonttuja\u201d. \u201dJouluna on erityinen tunnelma ja aattoy\u00f6n\u00e4 erityisesti on rauhallista\u201d, kuvailee valokuvan ottanut k\u00e4til\u00f6 Outi Kaasinen. Kaasisen mukaan jouluna osastolle tullaan vain kun on aivan pakko \u2013 varsinkin uudelleensynnytt\u00e4j\u00e4t pinnistelev\u00e4t kotona jalat ristiss\u00e4. Yl\u00e4riviss\u00e4 Raisa Rajaniemi, Heidi Renman, Lotta M\u00e4ki ja Anu Virtanen. Keskell\u00e4 vauva syliss\u00e4\u00e4n Liisa West ja t\u00e4m\u00e4n vieress\u00e4 Sanna Palmu, alhaalla vasemmalla Anna Parhamaa ja oikealla Enni Stigman. Kuva:\u00a0Lukijan kuva \/ Outi Kaasinen<\/p>\n<p><img decoding=\"async\" src=\"https:\/\/www.europesays.com\/fi\/wp-content\/uploads\/2025\/12\/1766690352_328_978.jpg\" alt=\"Tuomas Alasuvanto kiersi jouluaattona punanuttuna. Kolmen vuoden pukkikokemuksella h\u00e4n tiivist\u00e4\u00e4 jouluaaton odotetuimman vieraan kunniateht\u00e4v\u00e4n: \u201dPystyy jakamaan joulumielt\u00e4.\u201d\" class=\"_Img_1rerz_1\" style=\"aspect-ratio:0.75\" loading=\"eager\"\/><\/p>\n<p class=\"article-picture-caption\">Tuomas Alasuvanto kiersi jouluaattona punanuttuna. Kolmen vuoden pukkikokemuksella h\u00e4n tiivist\u00e4\u00e4 jouluaaton odotetuimman vieraan kunniateht\u00e4v\u00e4n: \u201dPystyy jakamaan joulumielt\u00e4.\u201d Kuva:\u00a0Lukijan kuva \/ Maria Alasuvanto<\/p>\n<p><img decoding=\"async\" src=\"https:\/\/www.europesays.com\/fi\/wp-content\/uploads\/2025\/12\/1766690352_480_978.jpg\" alt=\"Aamulehden digijulkaisija Don Lehtinen nappasi kahvitauolle menness\u00e4\u00e4n mukaansa kaapin p\u00e4\u00e4ll\u00e4 istuskelleen toimituksen nallen. Painovoima veti tonttulakin lattialle, eik\u00e4 lihasten sijaan vanulla t\u00e4ytetty nalle saanut nostettua sit\u00e4 itse, Lehtinen kertoo.\" class=\"_Img_1rerz_1\" style=\"aspect-ratio:0.7505208333333333\" loading=\"eager\"\/><\/p>\n<p class=\"article-picture-caption\">Aamulehden digijulkaisija Don Lehtinen nappasi kahvitauolle menness\u00e4\u00e4n mukaansa kaapin p\u00e4\u00e4ll\u00e4 istuskelleen toimituksen nallen. Painovoima veti tonttulakin lattialle, eik\u00e4 lihasten sijaan vanulla t\u00e4ytetty nalle saanut nostettua sit\u00e4 itse, Lehtinen kertoo. Kuva:\u00a0Lukijan kuva \/ Tomi Pyy<\/p>\n<p><img decoding=\"async\" src=\"https:\/\/www.europesays.com\/fi\/wp-content\/uploads\/2025\/12\/1766690353_536_978.jpg\" alt=\"Jari M\u00e4kinen (vasemmalla) ja Toni Lammi olivat jouluaattona ottamassa maaper\u00e4n\u00e4ytteit\u00e4 Kirkkonummella. Miehet olivat itse toivoneet rataprojektiin liittyvi\u00e4 teht\u00e4vi\u00e4 jouluviikolle ja suuntaavat kotiin vasta maanantaina. \u201dTienestiviikko\u201d, iloitsi ty\u00f6n touhusta tavoitettu M\u00e4kinen joulup\u00e4iv\u00e4n\u00e4.\" class=\"_Img_1rerz_1\" style=\"aspect-ratio:0.7505208333333333\" loading=\"eager\"\/><\/p>\n<p class=\"article-picture-caption\">Jari M\u00e4kinen (vasemmalla) ja Toni Lammi olivat jouluaattona ottamassa maaper\u00e4n\u00e4ytteit\u00e4 Kirkkonummella. Miehet olivat itse toivoneet rataprojektiin liittyvi\u00e4 teht\u00e4vi\u00e4 jouluviikolle ja suuntaavat kotiin vasta maanantaina. \u201dTienestiviikko\u201d, iloitsi ty\u00f6n touhusta tavoitettu M\u00e4kinen joulup\u00e4iv\u00e4n\u00e4. Kuva:\u00a0Lukijan kuva<\/p>\n","protected":false},"excerpt":{"rendered":"Vuosaaren satamassa oli jouluaattona tavallinen p\u00e4iv\u00e4, mit\u00e4 nyt hieman rauhallisempaa, kertoo laivoja vastaanottava Jukka Viljanen. Tavallisesti rakennusalalla ty\u00f6skentelev\u00e4&hellip;\n","protected":false},"author":2,"featured_media":125770,"comment_status":"","ping_status":"","sticky":false,"template":"","format":"standard","meta":{"footnotes":""},"categories":[5],"tags":[22,23,26,27,33,31,30,17,46,24,25,28,29,15,18,21,32,19,20,16],"class_list":{"0":"post-125769","1":"post","2":"type-post","3":"status-publish","4":"format-standard","5":"has-post-thumbnail","7":"category-otsikot","8":"tag-breaking-news","9":"tag-breakingnews","10":"tag-featured-news","11":"tag-featurednews","12":"tag-fi","13":"tag-finland","14":"tag-finnish","15":"tag-headlines","16":"tag-helsingin-sanomat","17":"tag-latest-news","18":"tag-latestnews","19":"tag-main-news","20":"tag-mainnews","21":"tag-news","22":"tag-otsikot","23":"tag-paauutiset","24":"tag-suomi","25":"tag-top-stories","26":"tag-topstories","27":"tag-uutiset"},"share_on_mastodon":{"url":"https:\/\/pubeurope.com\/@fi\/115781826697235018","error":""},"_links":{"self":[{"href":"https:\/\/www.europesays.com\/fi\/wp-json\/wp\/v2\/posts\/125769","targetHints":{"allow":["GET"]}}],"collection":[{"href":"https:\/\/www.europesays.com\/fi\/wp-json\/wp\/v2\/posts"}],"about":[{"href":"https:\/\/www.europesays.com\/fi\/wp-json\/wp\/v2\/types\/post"}],"author":[{"embeddable":true,"href":"https:\/\/www.europesays.com\/fi\/wp-json\/wp\/v2\/users\/2"}],"replies":[{"embeddable":true,"href":"https:\/\/www.europesays.com\/fi\/wp-json\/wp\/v2\/comments?post=125769"}],"version-history":[{"count":0,"href":"https:\/\/www.europesays.com\/fi\/wp-json\/wp\/v2\/posts\/125769\/revisions"}],"wp:featuredmedia":[{"embeddable":true,"href":"https:\/\/www.europesays.com\/fi\/wp-json\/wp\/v2\/media\/125770"}],"wp:attachment":[{"href":"https:\/\/www.europesays.com\/fi\/wp-json\/wp\/v2\/media?parent=125769"}],"wp:term":[{"taxonomy":"category","embeddable":true,"href":"https:\/\/www.europesays.com\/fi\/wp-json\/wp\/v2\/categories?post=125769"},{"taxonomy":"post_tag","embeddable":true,"href":"https:\/\/www.europesays.com\/fi\/wp-json\/wp\/v2\/tags?post=125769"}],"curies":[{"name":"wp","href":"https:\/\/api.w.org\/{rel}","templated":true}]}}