{"id":125773,"date":"2025-12-25T19:30:13","date_gmt":"2025-12-25T19:30:13","guid":{"rendered":"https:\/\/www.europesays.com\/fi\/125773\/"},"modified":"2025-12-25T19:30:13","modified_gmt":"2025-12-25T19:30:13","slug":"iphone-18-pro-puhelinten-kamerakennoja-tullaan-valmistamaan-yhdysvalloissa-samsung-aloittaa-tuotannon-texasissa","status":"publish","type":"post","link":"https:\/\/www.europesays.com\/fi\/125773\/","title":{"rendered":"iPhone 18 Pro -puhelinten kamerakennoja tullaan valmistamaan Yhdysvalloissa \u2013 Samsung aloittaa tuotannon Texasissa"},"content":{"rendered":"<p><a href=\"https:\/\/mobiili.fi\/wp-content\/uploads\/2021\/12\/apple_silicon.png\" data-lightbox=\"image\" rel=\"nofollow noopener\" target=\"_blank\"><img fetchpriority=\"high\" decoding=\"async\" class=\"aligncenter size-large wp-image-186410\" src=\"data:image\/svg+xml,%3Csvg%20xmlns=\" http:=\"\" alt=\"Apple Silicon logo.\" width=\"800\" height=\"435\" data-lazy- data-lazy- data-lazy-src=\"https:\/\/www.europesays.com\/fi\/wp-content\/uploads\/2025\/12\/apple_silicon-800x435.png\"\/><\/a><\/p>\n<p>Ainakin osa tulevien, syksyll\u00e4 2026 odotettujen iPhone 18 Pro -puhelinten kamerakennoista tullaan n\u00e4ht\u00e4v\u00e4sti valmistamaan Yhdysvalloissa.<\/p>\n<p>Tuotanto tulee tapahtumaan Samsungin tehtaalla Austinissa, Texasissa, jossa sen on raportoidusti tarkoitus alkaa maaliskuun tienoilla.<\/p>\n<p style=\"width: 98%; text-align: center; font-size:13px; border-bottom: 1px solid #C8C8C8; line-height: 0.1em; margin: 8px 1% 16px 1%;\">MAINOS (ARTIKKELI JATKUU ALLA)<\/p>\n<p>Samsungilla on jo entuudestaan ollut Austinissa puolijohdetehdas, mutta kamerakennoja siell\u00e4 ei ole aiemmin valmistettu.<\/p>\n<p>Nyt Samsungin on kuitenkin kerrottu varustavan tehdasta laitteistolla, joka mahdollistaa kehittyneiden kamerakennojen tuotannon Applelle, jonka osalta kyse on j\u00e4lleen t\u00e4rkeiden komponenttien tuotannon kasvattamisesta kotimaassa Yhdysvalloissa.<\/p>\n<p><a href=\"https:\/\/www.thelec.net\/news\/articleView.html?idxno=5530\" rel=\"nofollow noopener\" target=\"_blank\">Korealaisjulkaisu TheElec raportoi Samsungin rekrytoinneista<\/a>.<\/p>\n<p style=\"width: 98%; text-align: center; font-size:13px; border-bottom: 1px solid #C8C8C8; line-height: 0.1em; margin: 8px 1% 16px 1%;\">MAINOS (ARTIKKELI JATKUU ALLA)<\/p>\n<p>\u201dSamsungin odotetaan asentavan tuotantolaitteita Austinissa, Texasissa sijaitsevalle tehtaalleen CMOS-kamerakennojen tuotantoa varten toimitettavaksi Applelle iPhoneihin. Viime viikolla etel\u00e4korealainen teknologiayhti\u00f6 julkaisi ty\u00f6paikkailmoituksia mekaanisille ja s\u00e4hk\u00f6isille projektip\u00e4\u00e4llik\u00f6ille tehtaan asennust\u00f6ihin\u201d, TheElec kertoo.<\/p>\n<p>Raportissa viitataan uuteen tuotantoprosessiin, jossa kolme piikiekkoa pinotaan p\u00e4\u00e4llekk\u00e4in. T\u00e4m\u00e4n prosessin on jo aiemmin raportoitu ollleen ratkaiseva syy, jonka perusteella Samsung on voittanut osan Applen kamerakennotilauksista.<\/p>\n<p>Kerrotun mukaan kolmikerroksinen rakenne voi nopeuttaa signaalink\u00e4sittely\u00e4 ja parantaa kameran reagointinopeutta. Lis\u00e4ksi rakenne voi osaltaan v\u00e4hent\u00e4\u00e4 kohinaa ja siten parantaa kuvanlaatua.<\/p>\n<p>Aiemmin Applen iPhoneissa kamerakennot ovat tulleet l\u00e4hes yksinomaan Sonylta, mutta t\u00e4m\u00e4 on muuttumassa.<\/p>\n<p style=\"width: 98%; text-align: center; font-size:13px; border-bottom: 1px solid #C8C8C8; line-height: 0.1em; margin: 8px 1% 16px 1%;\">MAINOS (ARTIKKELI JATKUU ALLA)<\/p>\n<p>iPhone 18 Prohon on jo aiemmin huhuttu uutta kamerakennoa, joka on suunniteltu toimimaan yhdess\u00e4 iPhone 18 Pron p\u00e4\u00e4kameraan odotetun vaihtuvan koon aukon kanssa.<\/p>\n<p><strong><a href=\"https:\/\/mobiili.fi\/2025\/12\/23\/apple-kokeilee-jo-pian-iphone-18-pro-puhelinten-tuotantoa-tallaisia-uudistuksia-niihin-odotetaan\/\" rel=\"nofollow noopener\" target=\"_blank\">Lue aiemmasta artikkelistamme lis\u00e4\u00e4 huhuja tulevista iPhone 18 Pro -puhelimista!<\/a><\/strong><\/p>\n<p>Mainos: <a href=\"https:\/\/hinta.fi\/?src=gPp6fX03\" target=\"_blank\" rel=\"nofollow noopener\">Noin 1 600 000 tuotteen hintavertailu ja hintaseuranta &#8211; katso Hinta.fist\u00e4 mist\u00e4 saat halvimmalla<\/a><\/p>\n","protected":false},"excerpt":{"rendered":"Ainakin osa tulevien, syksyll\u00e4 2026 odotettujen iPhone 18 Pro -puhelinten kamerakennoista tullaan n\u00e4ht\u00e4v\u00e4sti valmistamaan Yhdysvalloissa. Tuotanto tulee tapahtumaan&hellip;\n","protected":false},"author":2,"featured_media":118778,"comment_status":"","ping_status":"","sticky":false,"template":"","format":"standard","meta":{"footnotes":""},"categories":[85],"tags":[33,31,30,419,418,32,91,92],"class_list":{"0":"post-125773","1":"post","2":"type-post","3":"status-publish","4":"format-standard","5":"has-post-thumbnail","7":"category-mobiili","8":"tag-fi","9":"tag-finland","10":"tag-finnish","11":"tag-mobiili","12":"tag-mobile","13":"tag-suomi","14":"tag-technology","15":"tag-teknologia"},"share_on_mastodon":{"url":"https:\/\/pubeurope.com\/@fi\/115781869584643579","error":""},"_links":{"self":[{"href":"https:\/\/www.europesays.com\/fi\/wp-json\/wp\/v2\/posts\/125773","targetHints":{"allow":["GET"]}}],"collection":[{"href":"https:\/\/www.europesays.com\/fi\/wp-json\/wp\/v2\/posts"}],"about":[{"href":"https:\/\/www.europesays.com\/fi\/wp-json\/wp\/v2\/types\/post"}],"author":[{"embeddable":true,"href":"https:\/\/www.europesays.com\/fi\/wp-json\/wp\/v2\/users\/2"}],"replies":[{"embeddable":true,"href":"https:\/\/www.europesays.com\/fi\/wp-json\/wp\/v2\/comments?post=125773"}],"version-history":[{"count":0,"href":"https:\/\/www.europesays.com\/fi\/wp-json\/wp\/v2\/posts\/125773\/revisions"}],"wp:featuredmedia":[{"embeddable":true,"href":"https:\/\/www.europesays.com\/fi\/wp-json\/wp\/v2\/media\/118778"}],"wp:attachment":[{"href":"https:\/\/www.europesays.com\/fi\/wp-json\/wp\/v2\/media?parent=125773"}],"wp:term":[{"taxonomy":"category","embeddable":true,"href":"https:\/\/www.europesays.com\/fi\/wp-json\/wp\/v2\/categories?post=125773"},{"taxonomy":"post_tag","embeddable":true,"href":"https:\/\/www.europesays.com\/fi\/wp-json\/wp\/v2\/tags?post=125773"}],"curies":[{"name":"wp","href":"https:\/\/api.w.org\/{rel}","templated":true}]}}