{"id":125776,"date":"2025-12-25T19:35:08","date_gmt":"2025-12-25T19:35:08","guid":{"rendered":"https:\/\/www.europesays.com\/fi\/125776\/"},"modified":"2025-12-25T19:35:08","modified_gmt":"2025-12-25T19:35:08","slug":"olen-tehnyt-biiseja-jo-kymmenen-vuoden-ajan","status":"publish","type":"post","link":"https:\/\/www.europesays.com\/fi\/125776\/","title":{"rendered":"\u201dOlen tehnyt biisej\u00e4 jo kymmenen vuoden ajan\u201d"},"content":{"rendered":"<p>Yliopistossa opiskeleva laulaja Matti Mikkonen viett\u00e4\u00e4 pitk\u00e4st\u00e4 aikaa vuodenvaihteen kotona perheens\u00e4 kanssa. Kun kev\u00e4\u00e4n keikkakalenteriin avautui tilaa, mies palasi oman musiikkinsa pariin.<\/p>\n<p class=\"article-body mb-nof-24 px-nof-16\">Aamulehti<\/p>\n<p class=\"article-body mb-nof-24 px-nof-16\">Muusikko <a class=\"article-personlink\" href=\"https:\/\/www.aamulehti.fi\/haku\/?query=Matthau%20Mikojan\" rel=\"nofollow noopener\" target=\"_blank\">Matthau Mikojan<\/a> (Matti Mikkonen) aikoo julkaista ensi vuonna omaa musiikkiaan. Valmiita biisej\u00e4 on jo kertynyt kymmenen vuoden ajalta, mutta ne ovat aina j\u00e4\u00e4neet muiden projektien jalkoihin.<\/p>\n<p class=\"article-body mb-nof-24 px-nof-16\">Koska <a class=\"article-personlink\" href=\"https:\/\/www.aamulehti.fi\/haku\/?query=Pauli%20%E2%80%9DPate%E2%80%9D%20Mustaj%C3%A4rven\" rel=\"nofollow noopener\" target=\"_blank\">Pauli \u201dPate\u201d Mustaj\u00e4rven<\/a>, ja samalla Mikkosenkin, kev\u00e4\u00e4n kiertue peruuntui, Mikkosen kalenteriin avautui tilaa. Mikkonen suorittaa parhaillaan my\u00f6s yliopisto-opintoja kulttuurintutkimuksesta.<\/p>\n","protected":false},"excerpt":{"rendered":"Yliopistossa opiskeleva laulaja Matti Mikkonen viett\u00e4\u00e4 pitk\u00e4st\u00e4 aikaa vuodenvaihteen kotona perheens\u00e4 kanssa. Kun kev\u00e4\u00e4n keikkakalenteriin avautui tilaa, mies&hellip;\n","protected":false},"author":2,"featured_media":125777,"comment_status":"","ping_status":"","sticky":false,"template":"","format":"standard","meta":{"footnotes":""},"categories":[132],"tags":[157,137,33,31,30,195,47,32,109],"class_list":{"0":"post-125776","1":"post","2":"type-post","3":"status-publish","4":"format-standard","5":"has-post-thumbnail","7":"category-musiikki","8":"tag-aamulehti","9":"tag-entertainment","10":"tag-fi","11":"tag-finland","12":"tag-finnish","13":"tag-music","14":"tag-musiikki","15":"tag-suomi","16":"tag-viihde"},"share_on_mastodon":{"url":"https:\/\/pubeurope.com\/@fi\/115781889100650473","error":""},"_links":{"self":[{"href":"https:\/\/www.europesays.com\/fi\/wp-json\/wp\/v2\/posts\/125776","targetHints":{"allow":["GET"]}}],"collection":[{"href":"https:\/\/www.europesays.com\/fi\/wp-json\/wp\/v2\/posts"}],"about":[{"href":"https:\/\/www.europesays.com\/fi\/wp-json\/wp\/v2\/types\/post"}],"author":[{"embeddable":true,"href":"https:\/\/www.europesays.com\/fi\/wp-json\/wp\/v2\/users\/2"}],"replies":[{"embeddable":true,"href":"https:\/\/www.europesays.com\/fi\/wp-json\/wp\/v2\/comments?post=125776"}],"version-history":[{"count":0,"href":"https:\/\/www.europesays.com\/fi\/wp-json\/wp\/v2\/posts\/125776\/revisions"}],"wp:featuredmedia":[{"embeddable":true,"href":"https:\/\/www.europesays.com\/fi\/wp-json\/wp\/v2\/media\/125777"}],"wp:attachment":[{"href":"https:\/\/www.europesays.com\/fi\/wp-json\/wp\/v2\/media?parent=125776"}],"wp:term":[{"taxonomy":"category","embeddable":true,"href":"https:\/\/www.europesays.com\/fi\/wp-json\/wp\/v2\/categories?post=125776"},{"taxonomy":"post_tag","embeddable":true,"href":"https:\/\/www.europesays.com\/fi\/wp-json\/wp\/v2\/tags?post=125776"}],"curies":[{"name":"wp","href":"https:\/\/api.w.org\/{rel}","templated":true}]}}