{"id":125778,"date":"2025-12-25T19:38:09","date_gmt":"2025-12-25T19:38:09","guid":{"rendered":"https:\/\/www.europesays.com\/fi\/125778\/"},"modified":"2025-12-25T19:38:09","modified_gmt":"2025-12-25T19:38:09","slug":"krikettia-ja-tomahawk-pihveja-valtteri-bottas-vietti-eksoottista-joulua","status":"publish","type":"post","link":"https:\/\/www.europesays.com\/fi\/125778\/","title":{"rendered":"Kriketti\u00e4 ja tomahawk-pihvej\u00e4 \u2013 Valtteri Bottas vietti eksoottista joulua"},"content":{"rendered":"<p>Formulakuskin joulu poikkesi suuresti suomalaisperinteist\u00e4.<\/p>\n<p class=\"article-body mb-nof-24 px-nof-16\">Suomalainen F1-kuljettaja <a class=\"article-personlink\" href=\"https:\/\/www.is.fi\/haku\/?query=Valtteri%20Bottas\" rel=\"nofollow noopener\" target=\"_blank\">Valtteri Bottas<\/a> vietti jouluaan Australiassa.<\/p>\n<p class=\"article-body mb-nof-24 px-nof-16\">Bottas julkaisi Instagram-tilill\u00e4\u00e4n julkaisun, jossa h\u00e4n poseerasi puolisonsa <a class=\"article-personlink\" href=\"https:\/\/www.is.fi\/haku\/?query=Tiffany%20Cromwellin\" rel=\"nofollow noopener\" target=\"_blank\">Tiffany Cromwellin<\/a> kanssa pariskunnan omistamalla viinitilalla. Pariskunta on pukeutunut tonttulakkeihin ja Cromwellin jalassa on Grinch-aiheiset tossut.<\/p>\n<p class=\"article-body mb-nof-24 px-nof-16\">\u2013\u2009Hyv\u00e4\u00e4 joulua meilt\u00e4, suomalaiskuski kirjoittaa.<\/p>\n<p class=\"article-body mb-nof-24 px-nof-16\">Bottas julkaisi my\u00f6s Instagram-tarinoissaan videop\u00e4tki\u00e4 joulunvietostaan, joka poikkesi suuresti perinteisest\u00e4 suomalaisesta joulusta.<\/p>\n<p class=\"article-body mb-nof-24 px-nof-16\">Videoilla pelataan muun muassa kriketti\u00e4, tervehdit\u00e4\u00e4n kenguruita, poljetaan py\u00f6r\u00e4\u00e4 paahtavan Australian auringon alla sek\u00e4 grillataan jouluruoaksi tomahawk-pihvej\u00e4 ja makkaroita.<\/p>\n<p class=\"article-body mb-nof-24 px-nof-16\">Cromwellin tarinoissa on esill\u00e4 perinteisemp\u00e4\u00e4 joulua. Yhdess\u00e4 kuvassa n\u00e4kyy joulukuusi, jonka alla on kymmenitt\u00e4in lahjoja. Toisessa kuvassa on taas ruokap\u00f6yt\u00e4, joka notkuu tyypillisi\u00e4 jouluruokia, kuten kinkkua ja lohta.<\/p>\n<p class=\"article-body mb-nof-24 px-nof-16\">Bottas, 35, ajaa seuraavalla F1-kaudella tulokastalli Cadillacin leiviss\u00e4.<\/p>\n","protected":false},"excerpt":{"rendered":"Formulakuskin joulu poikkesi suuresti suomalaisperinteist\u00e4. Suomalainen F1-kuljettaja Valtteri Bottas vietti jouluaan Australiassa. Bottas julkaisi Instagram-tilill\u00e4\u00e4n julkaisun, jossa h\u00e4n&hellip;\n","protected":false},"author":2,"featured_media":125779,"comment_status":"","ping_status":"","sticky":false,"template":"","format":"standard","meta":{"footnotes":""},"categories":[158],"tags":[33,31,30,34,159,32,160],"class_list":{"0":"post-125778","1":"post","2":"type-post","3":"status-publish","4":"format-standard","5":"has-post-thumbnail","7":"category-urheilu","8":"tag-fi","9":"tag-finland","10":"tag-finnish","11":"tag-ilta-sanomat","12":"tag-sports","13":"tag-suomi","14":"tag-urheilu"},"share_on_mastodon":{"url":"https:\/\/pubeurope.com\/@fi\/115781901145626113","error":""},"_links":{"self":[{"href":"https:\/\/www.europesays.com\/fi\/wp-json\/wp\/v2\/posts\/125778","targetHints":{"allow":["GET"]}}],"collection":[{"href":"https:\/\/www.europesays.com\/fi\/wp-json\/wp\/v2\/posts"}],"about":[{"href":"https:\/\/www.europesays.com\/fi\/wp-json\/wp\/v2\/types\/post"}],"author":[{"embeddable":true,"href":"https:\/\/www.europesays.com\/fi\/wp-json\/wp\/v2\/users\/2"}],"replies":[{"embeddable":true,"href":"https:\/\/www.europesays.com\/fi\/wp-json\/wp\/v2\/comments?post=125778"}],"version-history":[{"count":0,"href":"https:\/\/www.europesays.com\/fi\/wp-json\/wp\/v2\/posts\/125778\/revisions"}],"wp:featuredmedia":[{"embeddable":true,"href":"https:\/\/www.europesays.com\/fi\/wp-json\/wp\/v2\/media\/125779"}],"wp:attachment":[{"href":"https:\/\/www.europesays.com\/fi\/wp-json\/wp\/v2\/media?parent=125778"}],"wp:term":[{"taxonomy":"category","embeddable":true,"href":"https:\/\/www.europesays.com\/fi\/wp-json\/wp\/v2\/categories?post=125778"},{"taxonomy":"post_tag","embeddable":true,"href":"https:\/\/www.europesays.com\/fi\/wp-json\/wp\/v2\/tags?post=125778"}],"curies":[{"name":"wp","href":"https:\/\/api.w.org\/{rel}","templated":true}]}}