{"id":125784,"date":"2025-12-25T19:43:08","date_gmt":"2025-12-25T19:43:08","guid":{"rendered":"https:\/\/www.europesays.com\/fi\/125784\/"},"modified":"2025-12-25T19:43:08","modified_gmt":"2025-12-25T19:43:08","slug":"opettajan-lahettama-whatsapp-viesti-muistutti-etta-venaja-ottaa-nyt-mallia-kiinasta","status":"publish","type":"post","link":"https:\/\/www.europesays.com\/fi\/125784\/","title":{"rendered":"Opettajan l\u00e4hett\u00e4m\u00e4 Whatsapp-viesti muistutti, ett\u00e4 Ven\u00e4j\u00e4 ottaa nyt mallia Kiinasta"},"content":{"rendered":"<p>Kirjeenvaihtajan kommentti|Kun Whatsapp ei en\u00e4\u00e4 toimi, ven\u00e4l\u00e4iset ajetaan valtion viestisovellukseen. Moskovalaisen opettajan viesti paljastaa, miten digitaalinen valvonta etenee arjen pakolla, kirjoittaa HS:n Moskovan-kirjeenvaihtaja Maarit Uber.<\/p>\n<p class=\"article-body mb-nof-24 px-nof-16\">Moskova<\/p>\n<p class=\"article-body mb-nof-24 px-nof-16\">Jouluaattoiltana lapseni moskovalaisen koulun opettaja l\u00e4hetti vanhemmille viestin:<\/p>\n<p class=\"article-body mb-nof-24 px-nof-16\">&#8221;Hyv\u00e4\u00e4 iltaa. Tehd\u00e4\u00e4nk\u00f6 ryhm\u00e4 Telegramiin vai Maxiin? En pysty l\u00e4hett\u00e4m\u00e4\u00e4n kuvia ja videoita Whatsappissa.&#8221;<\/p>\n<p class=\"article-body mb-nof-24 px-nof-16\">Viesti tosin tavoitti vanhemmat vasta joulup\u00e4iv\u00e4n\u00e4, koska Ven\u00e4j\u00e4 hidastaa maailman suosituimpiin viestisovelluksiin kuuluvaa Whatsappia tarkoituksella.<\/p>\n","protected":false},"excerpt":{"rendered":"Kirjeenvaihtajan kommentti|Kun Whatsapp ei en\u00e4\u00e4 toimi, ven\u00e4l\u00e4iset ajetaan valtion viestisovellukseen. Moskovalaisen opettajan viesti paljastaa, miten digitaalinen valvonta etenee&hellip;\n","protected":false},"author":2,"featured_media":125785,"comment_status":"","ping_status":"","sticky":false,"template":"","format":"standard","meta":{"footnotes":""},"categories":[14],"tags":[22,23,26,27,33,31,30,17,46,24,25,28,29,15,18,21,32,19,20,56,16,59,60,61],"class_list":{"0":"post-125784","1":"post","2":"type-post","3":"status-publish","4":"format-standard","5":"has-post-thumbnail","7":"category-ulkomaat","8":"tag-breaking-news","9":"tag-breakingnews","10":"tag-featured-news","11":"tag-featurednews","12":"tag-fi","13":"tag-finland","14":"tag-finnish","15":"tag-headlines","16":"tag-helsingin-sanomat","17":"tag-latest-news","18":"tag-latestnews","19":"tag-main-news","20":"tag-mainnews","21":"tag-news","22":"tag-otsikot","23":"tag-paauutiset","24":"tag-suomi","25":"tag-top-stories","26":"tag-topstories","27":"tag-ulkomaat","28":"tag-uutiset","29":"tag-world","30":"tag-world-news","31":"tag-worldnews"},"share_on_mastodon":{"url":"https:\/\/pubeurope.com\/@fi\/115781920666134135","error":""},"_links":{"self":[{"href":"https:\/\/www.europesays.com\/fi\/wp-json\/wp\/v2\/posts\/125784","targetHints":{"allow":["GET"]}}],"collection":[{"href":"https:\/\/www.europesays.com\/fi\/wp-json\/wp\/v2\/posts"}],"about":[{"href":"https:\/\/www.europesays.com\/fi\/wp-json\/wp\/v2\/types\/post"}],"author":[{"embeddable":true,"href":"https:\/\/www.europesays.com\/fi\/wp-json\/wp\/v2\/users\/2"}],"replies":[{"embeddable":true,"href":"https:\/\/www.europesays.com\/fi\/wp-json\/wp\/v2\/comments?post=125784"}],"version-history":[{"count":0,"href":"https:\/\/www.europesays.com\/fi\/wp-json\/wp\/v2\/posts\/125784\/revisions"}],"wp:featuredmedia":[{"embeddable":true,"href":"https:\/\/www.europesays.com\/fi\/wp-json\/wp\/v2\/media\/125785"}],"wp:attachment":[{"href":"https:\/\/www.europesays.com\/fi\/wp-json\/wp\/v2\/media?parent=125784"}],"wp:term":[{"taxonomy":"category","embeddable":true,"href":"https:\/\/www.europesays.com\/fi\/wp-json\/wp\/v2\/categories?post=125784"},{"taxonomy":"post_tag","embeddable":true,"href":"https:\/\/www.europesays.com\/fi\/wp-json\/wp\/v2\/tags?post=125784"}],"curies":[{"name":"wp","href":"https:\/\/api.w.org\/{rel}","templated":true}]}}