{"id":125786,"date":"2025-12-25T19:44:08","date_gmt":"2025-12-25T19:44:08","guid":{"rendered":"https:\/\/www.europesays.com\/fi\/125786\/"},"modified":"2025-12-25T19:44:08","modified_gmt":"2025-12-25T19:44:08","slug":"cnn-venalaissudet-ahmivat-suomi-poroja-venajalla-kuppi-taysin-nurin-ilta-sanomat","status":"publish","type":"post","link":"https:\/\/www.europesays.com\/fi\/125786\/","title":{"rendered":"CNN: Ven\u00e4l\u00e4issudet ahmivat Suomi-poroja \u2013 Ven\u00e4j\u00e4ll\u00e4 kuppi t\u00e4ysin nurin &#8211; Ilta-Sanomat"},"content":{"rendered":"<ol>\n<li><a href=\"https:\/\/news.google.com\/rss\/articles\/CBMiXkFVX3lxTFBFbWd6RG1QVVhiX01CazhlbTRQMktqOWxJOVNuZGoxbFNoSkoxejJqYXcyOWtpekVpcjhjcWZOb2NZYXpuUWtMcUptQnU5Mm5OUzZVd1AyV2ZDNnlzWmc?oc=5\" target=\"_blank\" rel=\"nofollow noopener\">CNN: Ven\u00e4l\u00e4issudet ahmivat Suomi-poroja \u2013 Ven\u00e4j\u00e4ll\u00e4 kuppi t\u00e4ysin nurin<\/a>&nbsp;&nbsp;Ilta-Sanomat<\/li>\n<li><a href=\"https:\/\/news.google.com\/rss\/articles\/CBMiQkFVX3lxTFAwd1RHaUdMbEdTT2JTdVBUVGRJMmNyVzdIZ2xtbWRoZGhBVkY0NlhvU2RMQmlwamVkbmFhSVhJOF9rQQ?oc=5\" target=\"_blank\" rel=\"nofollow noopener\">CNN uutisoi Suomen poronhoitajien h\u00e4d\u00e4st\u00e4: Sudet lis\u00e4\u00e4ntyv\u00e4t, syyn\u00e4 Ven\u00e4j\u00e4n ja Ukrainan sota<\/a>&nbsp;&nbsp;Yle<\/li>\n<li><a href=\"https:\/\/news.google.com\/rss\/articles\/CBMiqgFBVV95cUxQcmwtNlpwZG94czNfWDN3X2VZVkwyTHR6ZjdsZ09aVE1VSWhicE5VWUlMMlNGYVpueDMwOG9ZcUhjdlNreUtTM0xDZTg0WHhfSjRuVHc4cFdqd1lpa2hlS3BmZTZUUXdSVWJkT3VVT3BZQ1dFcU02dF9EdHFfWkJ0bUdKMklhV0c2ODNMb3RReFpCUld2cWlKU0VuWGNXSUNsa1RPV0NuVTVRUQ?oc=5\" target=\"_blank\" rel=\"nofollow noopener\">Ven\u00e4j\u00e4ll\u00e4 kritisoidaan susien mets\u00e4styst\u00e4 \u2013 \u201dsuomalaisnationalistien fobioita\u201d<\/a>&nbsp;&nbsp;Verkkouutiset<\/li>\n<li><a href=\"https:\/\/news.google.com\/rss\/articles\/CBMikwFBVV95cUxNMFJvQWNvSENoUmNrMk5vWko2YmlMRHMwSHFzbVlqMVpNb2hOcVF3anV2cFQ5QUdDOXlEbnQzVTRZX2NjUzFhRU9tZGcxbEpreF9aR1BsSm9lY0pPSW80UFlzcEtoZ1JoLVNXZjJ6RG1Hc1FtSG13ZTRIaEE0bXI3ODFPVkQzdjROc3Z4dkdlM09HREk?oc=5\" target=\"_blank\" rel=\"nofollow noopener\">Kuusamolainen Juha Kujala kertoo CNN:ll\u00e4 petovahingoista ja l\u00e4hett\u00e4\u00e4 terveiset Trumpille \u2013 &#8221;Tehk\u00e4\u00e4 enemm\u00e4n kuin mit\u00e4 olette tehnyt&#8221;<\/a>&nbsp;&nbsp;Koillissanomat<\/li>\n<li><a href=\"https:\/\/news.google.com\/rss\/articles\/CBMi4gFBVV95cUxNMUMwTmVQOHhqcjVIcDdsZW11eHFUaTB4ZU41Wm1pX1VZczlqS2dCZ0VBbVRMT3NCZHZ3cUEwY0FoS0tuTzU5Wk10bzhzTWVWUzR4dHBQSzJDSW9QU0psQlphcmo5MDJvajNXSWR6Tl9UREVxWEVRYUpsc1BjMzlpcU4xQTdnQTdJb0RFX2lGcjJLeFgxSkFRVlVyWW5pX0xLcmFMZXBKa0I3UEREaHJoSG8wWGxqaTlvZDdBSms2MGE2MmFiaTM2ZVNBY3pvbmszQlNrZU5QYXZjNmlFR0JyXzFB?oc=5\" target=\"_blank\" rel=\"nofollow noopener\">Ven\u00e4j\u00e4n sudet tappavat joulupukin poroja enemm\u00e4n kuin koskaan \u2013 CNN tapasi Kuusamossa katkeran porois\u00e4nn\u00e4n<\/a>&nbsp;&nbsp;mtvuutiset.fi<\/li>\n<\/ol>\n","protected":false},"excerpt":{"rendered":"CNN: Ven\u00e4l\u00e4issudet ahmivat Suomi-poroja \u2013 Ven\u00e4j\u00e4ll\u00e4 kuppi t\u00e4ysin nurin&nbsp;&nbsp;Ilta-Sanomat CNN uutisoi Suomen poronhoitajien h\u00e4d\u00e4st\u00e4: Sudet lis\u00e4\u00e4ntyv\u00e4t, syyn\u00e4 Ven\u00e4j\u00e4n&hellip;\n","protected":false},"author":2,"featured_media":125787,"comment_status":"","ping_status":"","sticky":false,"template":"","format":"standard","meta":{"footnotes":""},"categories":[12],"tags":[22,23,26,27,33,31,30,17,34,24,25,28,29,15,18,21,32,19,20,16],"class_list":{"0":"post-125786","1":"post","2":"type-post","3":"status-publish","4":"format-standard","5":"has-post-thumbnail","7":"category-suomi","8":"tag-breaking-news","9":"tag-breakingnews","10":"tag-featured-news","11":"tag-featurednews","12":"tag-fi","13":"tag-finland","14":"tag-finnish","15":"tag-headlines","16":"tag-ilta-sanomat","17":"tag-latest-news","18":"tag-latestnews","19":"tag-main-news","20":"tag-mainnews","21":"tag-news","22":"tag-otsikot","23":"tag-paauutiset","24":"tag-suomi","25":"tag-top-stories","26":"tag-topstories","27":"tag-uutiset"},"share_on_mastodon":{"url":"https:\/\/pubeurope.com\/@fi\/115781924557899107","error":""},"_links":{"self":[{"href":"https:\/\/www.europesays.com\/fi\/wp-json\/wp\/v2\/posts\/125786","targetHints":{"allow":["GET"]}}],"collection":[{"href":"https:\/\/www.europesays.com\/fi\/wp-json\/wp\/v2\/posts"}],"about":[{"href":"https:\/\/www.europesays.com\/fi\/wp-json\/wp\/v2\/types\/post"}],"author":[{"embeddable":true,"href":"https:\/\/www.europesays.com\/fi\/wp-json\/wp\/v2\/users\/2"}],"replies":[{"embeddable":true,"href":"https:\/\/www.europesays.com\/fi\/wp-json\/wp\/v2\/comments?post=125786"}],"version-history":[{"count":0,"href":"https:\/\/www.europesays.com\/fi\/wp-json\/wp\/v2\/posts\/125786\/revisions"}],"wp:featuredmedia":[{"embeddable":true,"href":"https:\/\/www.europesays.com\/fi\/wp-json\/wp\/v2\/media\/125787"}],"wp:attachment":[{"href":"https:\/\/www.europesays.com\/fi\/wp-json\/wp\/v2\/media?parent=125786"}],"wp:term":[{"taxonomy":"category","embeddable":true,"href":"https:\/\/www.europesays.com\/fi\/wp-json\/wp\/v2\/categories?post=125786"},{"taxonomy":"post_tag","embeddable":true,"href":"https:\/\/www.europesays.com\/fi\/wp-json\/wp\/v2\/tags?post=125786"}],"curies":[{"name":"wp","href":"https:\/\/api.w.org\/{rel}","templated":true}]}}