{"id":125788,"date":"2025-12-25T19:45:11","date_gmt":"2025-12-25T19:45:11","guid":{"rendered":"https:\/\/www.europesays.com\/fi\/125788\/"},"modified":"2025-12-25T19:45:11","modified_gmt":"2025-12-25T19:45:11","slug":"moni-laittaa-epamieluisat-joululahjat-myyntiin-etenkin-naista-haluttiin-eroon","status":"publish","type":"post","link":"https:\/\/www.europesays.com\/fi\/125788\/","title":{"rendered":"Moni laittaa ep\u00e4mieluisat joululahjat myyntiin \u2013 Etenkin n\u00e4ist\u00e4 haluttiin eroon"},"content":{"rendered":"<p>K\u00e4ytetyn tavaran myyntialusta Torin k\u00e4ytt\u00e4j\u00e4data antaa ymm\u00e4rt\u00e4\u00e4, ett\u00e4 suomalaiset saivat t\u00e4n\u00e4 jouluna lahjaksi paljon ep\u00e4mieluisaa elektroniikkaa. <\/p>\n<p><img decoding=\"async\" class=\"image image-show image-preview\" src=\"https:\/\/www.europesays.com\/fi\/wp-content\/uploads\/2025\/12\/6f1fecaa8eb85de4fc22b093848420ac1bff86ea049674900c8e5096431f4bc6.png\" alt=\"\"\/><img decoding=\"async\" class=\"image image-show\" src=\"https:\/\/www.europesays.com\/fi\/wp-content\/uploads\/2025\/12\/1766691911_652_6f1fecaa8eb85de4fc22b093848420ac1bff86ea049674900c8e5096431f4bc6.png\" alt=\"\"\/><\/p>\n<p>Tori kertoo joulunajan k\u00e4ytt\u00e4j\u00e4datasta tiedotteessaan. Ville J\u00e4rvel\u00e4inen<\/p>\n<p class=\"paragraph\">K\u00e4ytetyn tavaran myyntialusta Torin k\u00e4ytt\u00e4j\u00e4data antaa ymm\u00e4rt\u00e4\u00e4, ett\u00e4 suomalaiset saivat t\u00e4n\u00e4 jouluna lahjaksi paljon ep\u00e4mieluisaa elektroniikkaa. Aattoillan j\u00e4lkeen elektroniikkaa laitettiin myyntiin Toriin eniten, kun tavallisesti suomalaiset myyv\u00e4t eniten vaatteita ja sisustustavaraa.<\/p>\n<p class=\"paragraph\">Tori kertoo asiasta tiedotteessaan.<\/p>\n<p class=\"paragraph\">Datan perusteella elektroniikka on my\u00f6s kiinnostanut ostajia. Jouluaattoiltana ja joulup\u00e4iv\u00e4n\u00e4 Torista etsittiin eniten pelitietokoneita ja Playstation 5 \u2011pelikonsolia.<\/p>\n<p class=\"paragraph\">Torin marraskuussa tekem\u00e4n kyselyn mukaan yh\u00e4 useampi laittaa saamiaan joululahjoja myyntiin. Vastanneista 33 prosenttia on myynyt saamiaan lahjoja joulun j\u00e4lkeen, ja tiedotteen mukaan lukema on viime vuosina ollut kasvussa.<\/p>\n<p>Asenteet poikkeavat<\/p>\n<p class=\"paragraph\">Ihmisten suhtautuminen saatujen lahjojen myymiseen vaihtelee. Vastaajista 37 prosenttia kokee, ettei lahjoja sovi myyd\u00e4 eteenp\u00e4in. Toisaalta l\u00e4hes yht\u00e4 suuri osuus, 34 prosenttia, kokee myymisen olevan j\u00e4rkev\u00e4\u00e4.<\/p>\n<p class=\"paragraph\">Kyselyn perusteella moni lahjansa myynyt p\u00e4\u00e4tyykin salaamaan tekonsa. Joululahjansa myyneist\u00e4 vastaajista 41 prosenttia ei kertonut siit\u00e4 lahjan antajalle. 33 prosenttia ei kertonut lahjan myymisest\u00e4 kenellek\u00e4\u00e4n.<\/p>\n<p class=\"paragraph\">\u2013 Syy lahjan myymisen salaamiseen on selke\u00e4: myymiseen liittyy ep\u00e4kohtelias mielikuva, ja osa kokee sen tahdittomaksi. Joka kolmas suomalainen pahastuu, jos n\u00e4kee antamansa lahjan myynniss\u00e4 joulun j\u00e4lkeen, Torin johtaja <strong>Jenni Tuomisto<\/strong> kertoo tiedotteessa.<\/p>\n<p class=\"paragraph\">Kyselyn perusteella yleisin syy lahjan myymiselle on v\u00e4\u00e4r\u00e4 koko tai tarpeettomuus. Raha on vasta nelj\u00e4nneksi yleisin syy lahjan myyntiin laittamiselle.<\/p>\n<p class=\"paragraph\">Torin tekem\u00e4\u00e4n kyselyyn vastasi 1\u202f706 ihmist\u00e4. Tiedotteen mukaan vastaajista 7 prosenttia oli nuoria aikuisia, 26 prosenttia ruuhkavuosissa, 23 prosenttia keski-ik\u00e4isi\u00e4, 25 prosenttia my\u00f6h\u00e4iskeski-ik\u00e4isi\u00e4 ja 18 prosenttia el\u00e4keik\u00e4isi\u00e4.<\/p>\n","protected":false},"excerpt":{"rendered":"K\u00e4ytetyn tavaran myyntialusta Torin k\u00e4ytt\u00e4j\u00e4data antaa ymm\u00e4rt\u00e4\u00e4, ett\u00e4 suomalaiset saivat t\u00e4n\u00e4 jouluna lahjaksi paljon ep\u00e4mieluisaa elektroniikkaa. Tori kertoo&hellip;\n","protected":false},"author":2,"featured_media":125789,"comment_status":"","ping_status":"","sticky":false,"template":"","format":"standard","meta":{"footnotes":""},"categories":[5],"tags":[35,22,23,26,27,33,31,30,17,2870,898,24,25,28,29,2349,3003,15,18,21,32,19,20,16,2200],"class_list":{"0":"post-125788","1":"post","2":"type-post","3":"status-publish","4":"format-standard","5":"has-post-thumbnail","7":"category-otsikot","8":"tag-24h","9":"tag-breaking-news","10":"tag-breakingnews","11":"tag-featured-news","12":"tag-featurednews","13":"tag-fi","14":"tag-finland","15":"tag-finnish","16":"tag-headlines","17":"tag-kaupankaynti","18":"tag-kulutustavarat","19":"tag-latest-news","20":"tag-latestnews","21":"tag-main-news","22":"tag-mainnews","23":"tag-myynti","24":"tag-myyntireskontra","25":"tag-news","26":"tag-otsikot","27":"tag-paauutiset","28":"tag-suomi","29":"tag-top-stories","30":"tag-topstories","31":"tag-uutiset","32":"tag-vahittaiskauppa-pl-moottoriajoneuvot-kotitaloustavaroiden-korjaus"},"share_on_mastodon":{"url":"https:\/\/pubeurope.com\/@fi\/115781928915267866","error":""},"_links":{"self":[{"href":"https:\/\/www.europesays.com\/fi\/wp-json\/wp\/v2\/posts\/125788","targetHints":{"allow":["GET"]}}],"collection":[{"href":"https:\/\/www.europesays.com\/fi\/wp-json\/wp\/v2\/posts"}],"about":[{"href":"https:\/\/www.europesays.com\/fi\/wp-json\/wp\/v2\/types\/post"}],"author":[{"embeddable":true,"href":"https:\/\/www.europesays.com\/fi\/wp-json\/wp\/v2\/users\/2"}],"replies":[{"embeddable":true,"href":"https:\/\/www.europesays.com\/fi\/wp-json\/wp\/v2\/comments?post=125788"}],"version-history":[{"count":0,"href":"https:\/\/www.europesays.com\/fi\/wp-json\/wp\/v2\/posts\/125788\/revisions"}],"wp:featuredmedia":[{"embeddable":true,"href":"https:\/\/www.europesays.com\/fi\/wp-json\/wp\/v2\/media\/125789"}],"wp:attachment":[{"href":"https:\/\/www.europesays.com\/fi\/wp-json\/wp\/v2\/media?parent=125788"}],"wp:term":[{"taxonomy":"category","embeddable":true,"href":"https:\/\/www.europesays.com\/fi\/wp-json\/wp\/v2\/categories?post=125788"},{"taxonomy":"post_tag","embeddable":true,"href":"https:\/\/www.europesays.com\/fi\/wp-json\/wp\/v2\/tags?post=125788"}],"curies":[{"name":"wp","href":"https:\/\/api.w.org\/{rel}","templated":true}]}}