{"id":125790,"date":"2025-12-25T19:57:10","date_gmt":"2025-12-25T19:57:10","guid":{"rendered":"https:\/\/www.europesays.com\/fi\/125790\/"},"modified":"2025-12-25T19:57:10","modified_gmt":"2025-12-25T19:57:10","slug":"petra-hamalainen-ja-samuel-rossi-suhde","status":"publish","type":"post","link":"https:\/\/www.europesays.com\/fi\/125790\/","title":{"rendered":"Petra H\u00e4m\u00e4l\u00e4inen ja Samuel Rossi: Suhde"},"content":{"rendered":"<p>Entinen Miss Suomi Petra H\u00e4m\u00e4l\u00e4inen on julkaissut pusukuvan.<\/p>\n<p><img decoding=\"async\" class=\"image image-show image-preview\" src=\"https:\/\/www.europesays.com\/fi\/wp-content\/uploads\/2025\/12\/a4bf79e84106790ef9a22878e45b8a343bc7ac2d045fa548107414c90efc6e9b.jpg\" alt=\"\"\/><img decoding=\"async\" class=\"image image-show\" src=\"https:\/\/www.europesays.com\/fi\/wp-content\/uploads\/2025\/12\/1766692630_661_a4bf79e84106790ef9a22878e45b8a343bc7ac2d045fa548107414c90efc6e9b.jpg\" alt=\"\"\/><\/p>\n<p>Petra H\u00e4m\u00e4l\u00e4inen on vuoden 2022 Miss Suomi. Tomi Natri \/ All Over Press<\/p>\n<p class=\"paragraph\">Vuonna 2022 Miss Suomi -kisan voittanut <a href=\"https:\/\/www.iltalehti.fi\/henkilot\/Petra H\u00e4m\u00e4l\u00e4inen\" class=\"article-link-person-page\" rel=\"nofollow noopener\" target=\"_blank\">Petra H\u00e4m\u00e4l\u00e4inen<\/a> on julkaissut Instagramin tarinoissa pusukuvan.<\/p>\n<p class=\"paragraph\">H\u00e4n pussaa kuvassa liikemies <strong>Samuel Rossia<\/strong>, joka on jakanut saman kuvan omalla Instagram-tilill\u00e4\u00e4n. Parin suhteesta on huhuttu jonkin aikaa.<\/p>\n<p class=\"paragraph\">Kuva on otettu Olavinlinnan edess\u00e4 Savonlinnassa. H\u00e4m\u00e4l\u00e4inen on kotoisin Savonlinnasta.<\/p>\n<p class=\"paragraph\">Kuvatekstin\u00e4 on p\u00e4iv\u00e4m\u00e4\u00e4r\u00e4 25.12.25.<\/p>\n<p>Samuel Rossi on liikemies.  Elle Laitila<\/p>\n<p class=\"paragraph\">Julkkisliikemieheksi kutsuttu Rossi seurusteli aiemmin t\u00e4m\u00e4n vuoden missifinalisti  <strong>Eveliina Liimattan <\/strong>kanssa. Pari oli yhdess\u00e4 viel\u00e4 <a href=\"https:\/\/www.iltalehti.fi\/viihdeuutiset\/dfa8a10e-e472-4c08-97c1-a012ccefad01\" rel=\"nofollow noopener\" target=\"_blank\">loppukes\u00e4st\u00e4<\/a>, Miss Suomi -finalistien julkistustilaisuudessa.<\/p>\n<p class=\"paragraph\">Sit\u00e4 ennen Rossi oli naimisissa tubettaja <strong>Aino Rossin <\/strong>kanssa. He erosivat tammikuussa 2023.<\/p>\n<p class=\"paragraph\">Rossit ovat olleet yhdess\u00e4 14 vuotta ja heill\u00e4 on yhteinen Olivia-tyt\u00e4r.<\/p>\n","protected":false},"excerpt":{"rendered":"Entinen Miss Suomi Petra H\u00e4m\u00e4l\u00e4inen on julkaissut pusukuvan. Petra H\u00e4m\u00e4l\u00e4inen on vuoden 2022 Miss Suomi. Tomi Natri \/&hellip;\n","protected":false},"author":2,"featured_media":125791,"comment_status":"","ping_status":"","sticky":false,"template":"","format":"standard","meta":{"footnotes":""},"categories":[136],"tags":[35,407,137,33,31,30,876,101,408,4629,98,32,109],"class_list":{"0":"post-125790","1":"post","2":"type-post","3":"status-publish","4":"format-standard","5":"has-post-thumbnail","7":"category-julkkikset","8":"tag-24h","9":"tag-celebrities","10":"tag-entertainment","11":"tag-fi","12":"tag-finland","13":"tag-finnish","14":"tag-fyysinen-kauneus","15":"tag-ihmissuhteet","16":"tag-julkkikset","17":"tag-naisten-kauneuskilpailut","18":"tag-perhe","19":"tag-suomi","20":"tag-viihde"},"share_on_mastodon":{"url":"https:\/\/pubeurope.com\/@fi\/115781975882414344","error":""},"_links":{"self":[{"href":"https:\/\/www.europesays.com\/fi\/wp-json\/wp\/v2\/posts\/125790","targetHints":{"allow":["GET"]}}],"collection":[{"href":"https:\/\/www.europesays.com\/fi\/wp-json\/wp\/v2\/posts"}],"about":[{"href":"https:\/\/www.europesays.com\/fi\/wp-json\/wp\/v2\/types\/post"}],"author":[{"embeddable":true,"href":"https:\/\/www.europesays.com\/fi\/wp-json\/wp\/v2\/users\/2"}],"replies":[{"embeddable":true,"href":"https:\/\/www.europesays.com\/fi\/wp-json\/wp\/v2\/comments?post=125790"}],"version-history":[{"count":0,"href":"https:\/\/www.europesays.com\/fi\/wp-json\/wp\/v2\/posts\/125790\/revisions"}],"wp:featuredmedia":[{"embeddable":true,"href":"https:\/\/www.europesays.com\/fi\/wp-json\/wp\/v2\/media\/125791"}],"wp:attachment":[{"href":"https:\/\/www.europesays.com\/fi\/wp-json\/wp\/v2\/media?parent=125790"}],"wp:term":[{"taxonomy":"category","embeddable":true,"href":"https:\/\/www.europesays.com\/fi\/wp-json\/wp\/v2\/categories?post=125790"},{"taxonomy":"post_tag","embeddable":true,"href":"https:\/\/www.europesays.com\/fi\/wp-json\/wp\/v2\/tags?post=125790"}],"curies":[{"name":"wp","href":"https:\/\/api.w.org\/{rel}","templated":true}]}}