{"id":125793,"date":"2025-12-25T20:04:09","date_gmt":"2025-12-25T20:04:09","guid":{"rendered":"https:\/\/www.europesays.com\/fi\/125793\/"},"modified":"2025-12-25T20:04:09","modified_gmt":"2025-12-25T20:04:09","slug":"podcast-kimi-raikkonen-kiukutteli-suosikkiohjelman-kuvauksissa-2","status":"publish","type":"post","link":"https:\/\/www.europesays.com\/fi\/125793\/","title":{"rendered":"Podcast: Kimi R\u00e4ikk\u00f6nen kiukutteli suosikkiohjelman kuvauksissa"},"content":{"rendered":"<p>Formula 1|Tarinan mukaan \u201dJ\u00e4\u00e4mies\u201d ei ollut suosikkiohjelman tekij\u00f6ille helppo k\u00e4sitelt\u00e4v\u00e4.<\/p>\n<p class=\"article-body mb-nof-24 px-nof-16\">Suositun tv-ohjelma Top Gearin entinen tuottaja <a class=\"article-personlink\" href=\"https:\/\/www.hs.fi\/haku\/?query=Andy%20Wilman\" rel=\"nofollow noopener\" target=\"_blank\">Andy Wilman<\/a> kertoi <a class=\"underline underline-offset-[0.12em] [text-decoration-thickness:var(--generic-link-underline-thickness)] [text-decoration-color:var(--generic-link-underline-color)] [text-decoration-skip-ink:var(--generic-link-underline-skip-ink)] break-words\" href=\"https:\/\/www.youtube.com\/watch?v=gz24fqHaiuU\" rel=\"nofollow noopener\" target=\"_blank\">Midweek F1 -podcastiss\u00e4<\/a> hersyv\u00e4n muiston <a class=\"article-personlink\" href=\"https:\/\/www.hs.fi\/haku\/?query=Kimi%20R%C3%A4ikk%C3%B6sest%C3%A4\" rel=\"nofollow noopener\" target=\"_blank\">Kimi R\u00e4ikk\u00f6sest\u00e4<\/a>.<\/p>\n<p class=\"article-body mb-nof-24 px-nof-16\">Tapahtuma sijoittuu 2010-luvun alkuun, jolloin R\u00e4ikk\u00f6nen palasi Formula 1:een Lotuksen ratissa.<\/p>\n<p class=\"article-body mb-nof-24 px-nof-16\">Samoihin aikoihin suomalainen vieraili Top Gearin ohjelmaosiossa Star in a Reasonably Priced Car, jossa huippukuskit ja muut julkisuudesta tutut henkil\u00f6t ajoivat kelloa vastaan tavallisella henkil\u00f6autolla.<\/p>\n<p class=\"article-body mb-nof-24 px-nof-16\">R\u00e4ikk\u00f6sen vierailup\u00e4iv\u00e4 sattui olemaan sateinen eik\u00e4 kuljettajan motivaatiokaan v\u00e4ltt\u00e4m\u00e4tt\u00e4 ollut suurimmillaan.<\/p>\n<p class=\"article-body mb-nof-24 px-nof-16\">Niinp\u00e4 R\u00e4ikk\u00f6sen ohjastama Suzuki Liana ei kulkenut radalla kovinkaan kummoisesti.<\/p>\n<p class=\"article-body mb-nof-24 px-nof-16\">Lopulta R\u00e4ikk\u00f6nen ilmoitti ajaneensa tarpeeksi kierroksia ja poistui oman matkailuautonsa eli motorhomen suojiin.<\/p>\n<p class=\"article-body mb-nof-24 px-nof-16\">Tuottaja Wilman seurasi per\u00e4ss\u00e4, sill\u00e4 ohjelman tekij\u00f6ill\u00e4 ja suomalaiskuljettajalla oli hyvin eri\u00e4v\u00e4t n\u00e4kemykset kuvausp\u00e4iv\u00e4n annin laadusta ja riitt\u00e4vyydest\u00e4.<\/p>\n<p class=\"article-body mb-nof-24 px-nof-16\">Wilman kertoo maanitelleensa R\u00e4ikk\u00f6st\u00e4 palaamaan radalle ja ajamaan viel\u00e4 lis\u00e4\u00e4 kierroksia. Tuottaja vetosi s\u00e4\u00e4olosuhteisiin, jotka olivat jo paranemaan p\u00e4in.<\/p>\n<p class=\"article-body mb-nof-24 px-nof-16\">\u201dKimi, rata on kuivumassa. En voi paljastaa aikaasi, mutta se ei ollut kovin hyv\u00e4. Tied\u00e4mme, ett\u00e4 pystyt ajamaan kovempaa\u201d, Wilman kertoo sanoneensa.<\/p>\n<p class=\"article-body mb-nof-24 px-nof-16\">\u201dEn pysty\u201d, R\u00e4ikk\u00f6nen tokaisi.<\/p>\n<p class=\"article-body mb-nof-24 px-nof-16\">Wilman ei luovuttanut vaan yritti edelleen k\u00e4\u00e4nt\u00e4\u00e4 R\u00e4ikk\u00f6sen p\u00e4\u00e4t\u00e4 mainostamalla alati kohenevia olosuhteita.<\/p>\n<p class=\"article-body mb-nof-24 px-nof-16\">\u201dKimi, jos katsot ulos ikkunasta, n\u00e4et itsekin, ett\u00e4 rata on todellakin kuivumassa\u201d, h\u00e4n suostutteli.<\/p>\n<p class=\"article-body mb-nof-24 px-nof-16\">Wilman kertoo R\u00e4ikk\u00f6sen nousseen vastahakoisesti yl\u00f6s tuoliltaan, vilkaisseen ikkunasta ulos ja todenneen nuivasti:<\/p>\n<p class=\"article-body mb-nof-24 px-nof-16\">\u201dEi ole.\u201d<\/p>\n<p class=\"article-body mb-nof-24 px-nof-16\">Siin\u00e4 vaiheessa Wilman sanoo menett\u00e4neens\u00e4 hermonsa, pit\u00e4neens\u00e4 suomalaiselle tiukan kurinpalautuksen ja miettineens\u00e4 nopeasti itsekin, mit\u00e4 oli tullut sanoneeksi.<\/p>\n<p class=\"article-body mb-nof-24 px-nof-16\">Verbaalinen sakinhivutus kuitenkin toimi, sill\u00e4 R\u00e4ikk\u00f6nen kaivautui ulos motorhomestaan ajamaan viel\u00e4 muutaman kierroksen.<\/p>\n<p class=\"article-body mb-nof-24 px-nof-16\">Menestys ei tosin jatkossakaan ollut h\u00e4\u00e4vi\u00e4. R\u00e4ikk\u00f6sen aika oli vasta 12:nneksi paras ohjelmaosioon osallistuneiden julkkisvieraiden joukossa.<\/p>\n<p class=\"article-body mb-nof-24 px-nof-16\">Midweek F1 -podcast on kuunneltavissa esimerkiksi <a class=\"underline underline-offset-[0.12em] [text-decoration-thickness:var(--generic-link-underline-thickness)] [text-decoration-color:var(--generic-link-underline-color)] [text-decoration-skip-ink:var(--generic-link-underline-skip-ink)] break-words\" href=\"https:\/\/youtu.be\/gz24fqHaiuU?si=97WlElA5lk7pGRbO&amp;t=2576\" rel=\"nofollow noopener\" target=\"_blank\">Youtubessa<\/a>. Wilmanin tarina R\u00e4ikk\u00f6sen vierailusta alkaa ajassa 42.56.<\/p>\n<p class=\"article-body nof-ui-body-medium mb-nof-24 px-nof-16\">Juttua tarkennettu kello 21.10: Mainitussa ohjelmaosiossa oli mukana my\u00f6s muita julkisuudesta tuttuja henkil\u00f6it\u00e4, ei vain huippukuljettajia kuten jutussa aiemmin mainittiin.<\/p>\n","protected":false},"excerpt":{"rendered":"Formula 1|Tarinan mukaan \u201dJ\u00e4\u00e4mies\u201d ei ollut suosikkiohjelman tekij\u00f6ille helppo k\u00e4sitelt\u00e4v\u00e4. Suositun tv-ohjelma Top Gearin entinen tuottaja Andy Wilman&hellip;\n","protected":false},"author":2,"featured_media":125794,"comment_status":"","ping_status":"","sticky":false,"template":"","format":"standard","meta":{"footnotes":""},"categories":[158],"tags":[33,31,30,46,159,32,160],"class_list":{"0":"post-125793","1":"post","2":"type-post","3":"status-publish","4":"format-standard","5":"has-post-thumbnail","7":"category-urheilu","8":"tag-fi","9":"tag-finland","10":"tag-finnish","11":"tag-helsingin-sanomat","12":"tag-sports","13":"tag-suomi","14":"tag-urheilu"},"share_on_mastodon":{"url":"https:\/\/pubeurope.com\/@fi\/115782003234175503","error":""},"_links":{"self":[{"href":"https:\/\/www.europesays.com\/fi\/wp-json\/wp\/v2\/posts\/125793","targetHints":{"allow":["GET"]}}],"collection":[{"href":"https:\/\/www.europesays.com\/fi\/wp-json\/wp\/v2\/posts"}],"about":[{"href":"https:\/\/www.europesays.com\/fi\/wp-json\/wp\/v2\/types\/post"}],"author":[{"embeddable":true,"href":"https:\/\/www.europesays.com\/fi\/wp-json\/wp\/v2\/users\/2"}],"replies":[{"embeddable":true,"href":"https:\/\/www.europesays.com\/fi\/wp-json\/wp\/v2\/comments?post=125793"}],"version-history":[{"count":0,"href":"https:\/\/www.europesays.com\/fi\/wp-json\/wp\/v2\/posts\/125793\/revisions"}],"wp:featuredmedia":[{"embeddable":true,"href":"https:\/\/www.europesays.com\/fi\/wp-json\/wp\/v2\/media\/125794"}],"wp:attachment":[{"href":"https:\/\/www.europesays.com\/fi\/wp-json\/wp\/v2\/media?parent=125793"}],"wp:term":[{"taxonomy":"category","embeddable":true,"href":"https:\/\/www.europesays.com\/fi\/wp-json\/wp\/v2\/categories?post=125793"},{"taxonomy":"post_tag","embeddable":true,"href":"https:\/\/www.europesays.com\/fi\/wp-json\/wp\/v2\/tags?post=125793"}],"curies":[{"name":"wp","href":"https:\/\/api.w.org\/{rel}","templated":true}]}}