{"id":125795,"date":"2025-12-25T20:05:11","date_gmt":"2025-12-25T20:05:11","guid":{"rendered":"https:\/\/www.europesays.com\/fi\/125795\/"},"modified":"2025-12-25T20:05:11","modified_gmt":"2025-12-25T20:05:11","slug":"dave-mustaine-avautuu-terveysongelmasta-joka-omalta-osaltaan-vaikutti-megadethin-lopetuspaatokseen","status":"publish","type":"post","link":"https:\/\/www.europesays.com\/fi\/125795\/","title":{"rendered":"Dave Mustaine avautuu terveysongelmasta, joka omalta osaltaan vaikutti Megadethin lopetusp\u00e4\u00e4t\u00f6kseen"},"content":{"rendered":"<p>Megadeth-kippari Dave Mustaine kertoo k\u00e4rsiv\u00e4ns\u00e4 kitaristille varsin ik\u00e4v\u00e4st\u00e4 k\u00e4sivaivasta. Mies puhui aiheesta espanjalaisen MariskalRockTV:n haastattelussa.<\/p>\n<p>\u201dTy\u00f6stimme [tulevaa nimikkolevy\u00e4] studiossa ja se oli ollut todella vaikeaa jo useamman viikon\u201d, Mustaine kommentoi olosuhteita, joiden my\u00f6t\u00e4vaikutuksesta p\u00e4\u00e4tti yhtyeen paketoimisesta. \u201dYritimme saada kaiken tehty\u00e4, ja oli luonnollisesti t\u00e4rke\u00e4\u00e4, ett\u00e4 albumi tulisi tehty\u00e4 oikein. Meill\u00e4 oli erilaisia m\u00e4\u00e4r\u00e4aikoja ja ne tekiv\u00e4t asiat vaikeiksi. K\u00e4siini sattui viet\u00e4v\u00e4sti. Er\u00e4\u00e4n\u00e4 p\u00e4iv\u00e4n\u00e4 sitten totesin managereille, ett\u00e4 \u2019enp\u00e4 tied\u00e4 kuinka kauan pystyn jatkamaan t\u00e4t\u00e4.\u2019 En vain sanonut: \u2019Hei, haluan j\u00e4\u00e4d\u00e4 v\u00e4litt\u00f6m\u00e4sti el\u00e4kkeelle.&#8217;\u201d<\/p>\n<p>Mustaine kertoo k\u00e4si\u00e4\u00e4n vaivaasta k\u00e4mmenpuolen\u00a0sidekudoksen\u00a0paksuuntumisesta, joka muodostaa kyhmyj\u00e4 ja juosteita, jotka puolestaan vet\u00e4v\u00e4t sormet hiljalleen koukkuun.<\/p>\n<p>\u201dVoit katsoa t\u00e4t\u00e4 k\u00e4tt\u00e4. T\u00e4ss\u00e4 menee koholla oleva viiva\u201d, Mustaine toteaa k\u00e4si\u00e4\u00e4n esitelless\u00e4\u00e4n. \u201dSit\u00e4 kutsutaan Dupuytrenin kontraktuuraksi ja se saa sormeni koukistumaan n\u00e4in. Se on jo alkanut. Lis\u00e4ksi sormissani on niveltulehdus. Kaikki n\u00e4m\u00e4 muhkurat tekev\u00e4t soittamisesta kivuliasta.\u201d<\/p>\n<p>Mustaine ei ole kuitenkaan t\u00e4ss\u00e4 vaiheessa kiiruhtamassa leikkaukseen.<\/p>\n<p>\u201dAion odottaa kunnes olen valmis, sill\u00e4 jos teen sen nyt 95-prosenttisessa kunnossa ja leikkaus aiheuttaa takapakkia, se olisi huono p\u00e4\u00e4t\u00f6s\u201d, Mustaine perustelee. \u201dJos odotan kunnes k\u00e4det alkavat aiheuttaa tosissaan ongelmia eik\u00e4 leikkaus tuo helpotusta, niin ainakin olen kiert\u00e4nyt kaikkialla ja hyv\u00e4stellyt kaikki. Lopetan ilman ett\u00e4 mit\u00e4\u00e4n j\u00e4i sanomatta tai tekem\u00e4tt\u00e4.\u201d<\/p>\n<p>Megadeth julkaisee omaa nime\u00e4\u00e4n kantavan j\u00e4\u00e4hyv\u00e4isalbuminsa 23. tammikuuta 2026.<\/p>\n<p><img loading=\"lazy\" decoding=\"async\" alt=\"YouTube video\" width=\"480\" height=\"360\" data-pin-nopin=\"true\" nopin=\"nopin\" class=\"perfmatters-lazy\" src=\"https:\/\/www.europesays.com\/fi\/wp-content\/uploads\/2025\/12\/1766655430_244_hqdefault.jpg\"\/><\/p>\n<p>Lue my\u00f6s: <a href=\"https:\/\/www.soundi.fi\/uutiskirje\/\" title=\"Tilaa Soundin uutiskirje\" class=\"underline-custom !font-montserrat !font-bold !underline-offset-4 !decoration-4 !decoration-red-600 !text-md\" rel=\"nofollow noopener\" target=\"_blank\">Tilaa Soundin uutiskirje ja tied\u00e4t mist\u00e4 kahvitauolla puhutaan! Nappaa ajankohtaiset musiikin uutiset ja puheenaiheet suoraan s\u00e4hk\u00f6postiin t\u00e4st\u00e4.<\/a><\/p>\n","protected":false},"excerpt":{"rendered":"Megadeth-kippari Dave Mustaine kertoo k\u00e4rsiv\u00e4ns\u00e4 kitaristille varsin ik\u00e4v\u00e4st\u00e4 k\u00e4sivaivasta. Mies puhui aiheesta espanjalaisen MariskalRockTV:n haastattelussa. \u201dTy\u00f6stimme [tulevaa nimikkolevy\u00e4]&hellip;\n","protected":false},"author":2,"featured_media":125796,"comment_status":"","ping_status":"","sticky":false,"template":"","format":"standard","meta":{"footnotes":""},"categories":[130],"tags":[137,33,31,30,32,109],"class_list":{"0":"post-125795","1":"post","2":"type-post","3":"status-publish","4":"format-standard","5":"has-post-thumbnail","7":"category-viihde","8":"tag-entertainment","9":"tag-fi","10":"tag-finland","11":"tag-finnish","12":"tag-suomi","13":"tag-viihde"},"share_on_mastodon":{"url":"https:\/\/pubeurope.com\/@fi\/115782007323613930","error":""},"_links":{"self":[{"href":"https:\/\/www.europesays.com\/fi\/wp-json\/wp\/v2\/posts\/125795","targetHints":{"allow":["GET"]}}],"collection":[{"href":"https:\/\/www.europesays.com\/fi\/wp-json\/wp\/v2\/posts"}],"about":[{"href":"https:\/\/www.europesays.com\/fi\/wp-json\/wp\/v2\/types\/post"}],"author":[{"embeddable":true,"href":"https:\/\/www.europesays.com\/fi\/wp-json\/wp\/v2\/users\/2"}],"replies":[{"embeddable":true,"href":"https:\/\/www.europesays.com\/fi\/wp-json\/wp\/v2\/comments?post=125795"}],"version-history":[{"count":0,"href":"https:\/\/www.europesays.com\/fi\/wp-json\/wp\/v2\/posts\/125795\/revisions"}],"wp:featuredmedia":[{"embeddable":true,"href":"https:\/\/www.europesays.com\/fi\/wp-json\/wp\/v2\/media\/125796"}],"wp:attachment":[{"href":"https:\/\/www.europesays.com\/fi\/wp-json\/wp\/v2\/media?parent=125795"}],"wp:term":[{"taxonomy":"category","embeddable":true,"href":"https:\/\/www.europesays.com\/fi\/wp-json\/wp\/v2\/categories?post=125795"},{"taxonomy":"post_tag","embeddable":true,"href":"https:\/\/www.europesays.com\/fi\/wp-json\/wp\/v2\/tags?post=125795"}],"curies":[{"name":"wp","href":"https:\/\/api.w.org\/{rel}","templated":true}]}}