{"id":125807,"date":"2025-12-25T20:31:15","date_gmt":"2025-12-25T20:31:15","guid":{"rendered":"https:\/\/www.europesays.com\/fi\/125807\/"},"modified":"2025-12-25T20:31:15","modified_gmt":"2025-12-25T20:31:15","slug":"satakunnan-kulttuurivuoden-2025-tahtihetket-kriitikoiden-valinnat","status":"publish","type":"post","link":"https:\/\/www.europesays.com\/fi\/125807\/","title":{"rendered":"Satakunnan kulttuurivuoden 2025 t\u00e4htihetket &#8211; kriitikoiden valinnat"},"content":{"rendered":"<p><img decoding=\"async\" src=\"https:\/\/www.europesays.com\/fi\/wp-content\/uploads\/2025\/12\/1766694675_598_978.jpg\" alt=\"Kaksi Satakunnan Kansan kriitikoista valitsi Rakastajat-teatterin uuden Isin tytt\u00f6 -n\u00e4ytelm\u00e4n kulttuurivuoden kohokohdaksi. Kuvassa vasemmalta n\u00e4yttelij\u00e4t Fanni Noroila, Marius Vallin, Pinja Flink ja Kai Tanner.\" class=\"_Img_1rerz_1\" style=\"aspect-ratio:1.4872192099147947\" loading=\"eager\"\/><\/p>\n<p class=\"article-picture-caption\">Kaksi Satakunnan Kansan kriitikoista valitsi Rakastajat-teatterin uuden Isin tytt\u00f6 -n\u00e4ytelm\u00e4n kulttuurivuoden kohokohdaksi. Kuvassa vasemmalta n\u00e4yttelij\u00e4t Fanni Noroila, Marius Vallin, Pinja Flink ja Kai Tanner. Kuva:\u00a0Mikael Lepp\u00e4niemi<\/p>\n<p>Satakunnan Kansan kriitikot valitsivat maakunnan kulttuurivuoden huiput. Niihin sis\u00e4ltyiv\u00e4t Lauri-Matti Parppein esikoiselokuva, kauhuaiheinen tanssiteos ja Lapualaisooppera.<\/p>\n<p>Rakastajat-teatteri: Isin tytt\u00f6<\/p>\n<p class=\"article-body mb-nof-24 px-nof-16\">N\u00e4yttelij\u00e4, teatterinjohtaja <a class=\"article-personlink\" href=\"https:\/\/www.satakunnankansa.fi\/haku\/?query=Angelika%20Meuselin\" rel=\"nofollow noopener\" target=\"_blank\">Angelika Meuselin<\/a> omael\u00e4m\u00e4kerrallisia aineksia sis\u00e4lt\u00e4v\u00e4 esikoisn\u00e4ytelm\u00e4 on pirist\u00e4v\u00e4 ja taatusti erilainen tuulahdus satakuntalaisessa teatteritarjonnassa. Uusi kotimainen n\u00e4ytelm\u00e4teksti k\u00e4sittelee ronskin huumorin kautta perhedynamiikkaa ja vaikeaa is\u00e4\u2013tyt\u00e4r -suhdetta.<\/p>\n","protected":false},"excerpt":{"rendered":"Kaksi Satakunnan Kansan kriitikoista valitsi Rakastajat-teatterin uuden Isin tytt\u00f6 -n\u00e4ytelm\u00e4n kulttuurivuoden kohokohdaksi. Kuvassa vasemmalta n\u00e4yttelij\u00e4t Fanni Noroila, Marius&hellip;\n","protected":false},"author":2,"featured_media":125808,"comment_status":"","ping_status":"","sticky":false,"template":"","format":"standard","meta":{"footnotes":""},"categories":[130],"tags":[137,33,31,30,80,32,109],"class_list":{"0":"post-125807","1":"post","2":"type-post","3":"status-publish","4":"format-standard","5":"has-post-thumbnail","7":"category-viihde","8":"tag-entertainment","9":"tag-fi","10":"tag-finland","11":"tag-finnish","12":"tag-satakunnan-kansa","13":"tag-suomi","14":"tag-viihde"},"share_on_mastodon":{"url":"https:\/\/pubeurope.com\/@fi\/115782109525047744","error":""},"_links":{"self":[{"href":"https:\/\/www.europesays.com\/fi\/wp-json\/wp\/v2\/posts\/125807","targetHints":{"allow":["GET"]}}],"collection":[{"href":"https:\/\/www.europesays.com\/fi\/wp-json\/wp\/v2\/posts"}],"about":[{"href":"https:\/\/www.europesays.com\/fi\/wp-json\/wp\/v2\/types\/post"}],"author":[{"embeddable":true,"href":"https:\/\/www.europesays.com\/fi\/wp-json\/wp\/v2\/users\/2"}],"replies":[{"embeddable":true,"href":"https:\/\/www.europesays.com\/fi\/wp-json\/wp\/v2\/comments?post=125807"}],"version-history":[{"count":0,"href":"https:\/\/www.europesays.com\/fi\/wp-json\/wp\/v2\/posts\/125807\/revisions"}],"wp:featuredmedia":[{"embeddable":true,"href":"https:\/\/www.europesays.com\/fi\/wp-json\/wp\/v2\/media\/125808"}],"wp:attachment":[{"href":"https:\/\/www.europesays.com\/fi\/wp-json\/wp\/v2\/media?parent=125807"}],"wp:term":[{"taxonomy":"category","embeddable":true,"href":"https:\/\/www.europesays.com\/fi\/wp-json\/wp\/v2\/categories?post=125807"},{"taxonomy":"post_tag","embeddable":true,"href":"https:\/\/www.europesays.com\/fi\/wp-json\/wp\/v2\/tags?post=125807"}],"curies":[{"name":"wp","href":"https:\/\/api.w.org\/{rel}","templated":true}]}}