{"id":125813,"date":"2025-12-25T20:36:08","date_gmt":"2025-12-25T20:36:08","guid":{"rendered":"https:\/\/www.europesays.com\/fi\/125813\/"},"modified":"2025-12-25T20:36:08","modified_gmt":"2025-12-25T20:36:08","slug":"70-vuotias-mies-ahisi-epailyttavasti-terapeutti-oli-varma-mita-puhelun-aikana-tapahtui","status":"publish","type":"post","link":"https:\/\/www.europesays.com\/fi\/125813\/","title":{"rendered":"70-vuotias mies \u00e4hisi ep\u00e4ilytt\u00e4v\u00e4sti \u2013 Terapeutti oli varma, mit\u00e4 puhelun aikana tapahtui"},"content":{"rendered":"<p>Etel\u00e4-Savon k\u00e4r\u00e4j\u00e4oikeus joutuu k\u00e4sittelem\u00e4\u00e4n irstaan puhelun toiseen kertaan.<\/p>\n<p><img decoding=\"async\" class=\"image image-show image-preview\" src=\"https:\/\/www.europesays.com\/fi\/wp-content\/uploads\/2025\/12\/cdaa1bcd17a175fd20144728e3db0f4ee1bd82a92335866a2d7741fac49b069b.jpg\" alt=\"\"\/><img decoding=\"async\" class=\"image image-show\" src=\"https:\/\/www.europesays.com\/fi\/wp-content\/uploads\/2025\/12\/1766694968_923_cdaa1bcd17a175fd20144728e3db0f4ee1bd82a92335866a2d7741fac49b069b.jpg\" alt=\"\"\/><\/p>\n<p>Mies \u00e4hisi ep\u00e4ilytt\u00e4v\u00e4sti puhelussa terapeutille. Kuvituskuva. Inka Soveri<\/p>\n<p class=\"paragraph\">Terapeutti sai h\u00e4mment\u00e4v\u00e4n puhelun alkuvuodesta 2024.<\/p>\n<p class=\"paragraph\">Kun 70-vuotiaan miehen kanssa sovittu puhelinterapia alkoi, terapeutti kuuli puhelimen toisesta p\u00e4\u00e4st\u00e4 \u00e4hin\u00e4\u00e4 ja seksuaalis\u00e4vytteisi\u00e4 puheita. Terapeutti arvioi, ett\u00e4 mies lietsoi itse\u00e4\u00e4n tiettyyn tunnelmaan.<\/p>\n<p class=\"paragraph\">Terapeutin mukaan mies puhui \u00e4histess\u00e4\u00e4n tulemisesta ja orgasmista. H\u00e4n arveli, ett\u00e4 kysymyksill\u00e4\u00e4n mies yritti saada terapeutin sanomaan jotain sellaista, josta mies saisi omasta mielest\u00e4\u00e4n sopivia tuntemuksia.<\/p>\n<p class=\"paragraph\">Kun terapeutti vastasi kysymyksiin ammattimaisesti, mies katkaisi puhelun. Terapeutilla oli puhelun j\u00e4lkeen h\u00e4mmentynyt olo. H\u00e4n oli varma, ett\u00e4 mies oli tyydytt\u00e4nyt itse\u00e4\u00e4n puhelun aikana.<\/p>\n<p>Virhe k\u00e4sittelyss\u00e4<\/p>\n<p class=\"paragraph\">Mies sai syytteen seksuaalisesta ahdistelusta. H\u00e4n ei tullut Etel\u00e4-Savon k\u00e4r\u00e4j\u00e4oikeuteen vastaamaan syytteeseen.<\/p>\n<p class=\"paragraph\">Kirjallisessa vastauksessaan h\u00e4n selitti \u00e4hin\u00e4\u00e4 astmalla. K\u00e4r\u00e4j\u00e4oikeuden mukaan muuta n\u00e4ytt\u00f6\u00e4 astmasta ei ollut. Oikeus kiinnitti huomiota siihen, ett\u00e4 ajanvarauspuhelun aikana \u00e4hin\u00e4\u00e4 ei ollut kuulunut, eik\u00e4 mies ollut tuonut astmaa esiin terapiaistunnon aikana.<\/p>\n<p class=\"paragraph\">K\u00e4r\u00e4j\u00e4oikeus katsoi, ett\u00e4 miehen toiminta oli seksuaalista ja se loukkasi terapeutin seksuaalista itsem\u00e4\u00e4r\u00e4\u00e4misoikeutta.<\/p>\n<p class=\"paragraph\">Syyskuussa antamassaan tuomiossa Etel\u00e4-Savon k\u00e4r\u00e4j\u00e4oikeus tuomitsi 1953 syntyneen miehen seksuaalisesta ahdistelusta 40 p\u00e4iv\u00e4sakkoon. Miehelle tuli niist\u00e4 maksettavaa 720 euroa.<\/p>\n<p class=\"paragraph\">Etel\u00e4-Savon k\u00e4r\u00e4j\u00e4oikeus kuitenkin joutuu k\u00e4sittelem\u00e4\u00e4n asian uudestaan k\u00e4sittelyss\u00e4 tapahtuneen virheen vuoksi. K\u00e4r\u00e4j\u00e4oikeus ratkaisi asian, vaikka syytetty ei ollut paikalla oikeuden k\u00e4sittelyss\u00e4.<\/p>\n<p class=\"paragraph\">Tuomion julistamisen j\u00e4lkeen tuli ilmi, ett\u00e4 syytetty oli kutsuttu saapumaan k\u00e4sittelyyn henkil\u00f6kohtaisesti. It\u00e4-Suomen hovioikeus kumosi syyskuussa annetun tuomion ja m\u00e4\u00e4r\u00e4si asian uudelleen k\u00e4sitelt\u00e4v\u00e4ksi Etel\u00e4-Savon k\u00e4r\u00e4j\u00e4oikeuteen.<\/p>\n","protected":false},"excerpt":{"rendered":"Etel\u00e4-Savon k\u00e4r\u00e4j\u00e4oikeus joutuu k\u00e4sittelem\u00e4\u00e4n irstaan puhelun toiseen kertaan. Mies \u00e4hisi ep\u00e4ilytt\u00e4v\u00e4sti puhelussa terapeutille. Kuvituskuva. Inka Soveri Terapeutti sai&hellip;\n","protected":false},"author":2,"featured_media":125814,"comment_status":"","ping_status":"","sticky":false,"template":"","format":"standard","meta":{"footnotes":""},"categories":[12],"tags":[35,22,23,26,27,33,31,30,17,53,24,25,28,29,15,977,976,18,21,1726,875,32,19,20,16],"class_list":{"0":"post-125813","1":"post","2":"type-post","3":"status-publish","4":"format-standard","5":"has-post-thumbnail","7":"category-suomi","8":"tag-24h","9":"tag-breaking-news","10":"tag-breakingnews","11":"tag-featured-news","12":"tag-featurednews","13":"tag-fi","14":"tag-finland","15":"tag-finnish","16":"tag-headlines","17":"tag-laki-oikeus-ja-rikos","18":"tag-latest-news","19":"tag-latestnews","20":"tag-main-news","21":"tag-mainnews","22":"tag-news","23":"tag-oikeusistuimet","24":"tag-oikeusprosessit","25":"tag-otsikot","26":"tag-paauutiset","27":"tag-rangaistukset","28":"tag-seksi","29":"tag-suomi","30":"tag-top-stories","31":"tag-topstories","32":"tag-uutiset"},"share_on_mastodon":{"url":"https:\/\/pubeurope.com\/@fi\/115782129376492434","error":""},"_links":{"self":[{"href":"https:\/\/www.europesays.com\/fi\/wp-json\/wp\/v2\/posts\/125813","targetHints":{"allow":["GET"]}}],"collection":[{"href":"https:\/\/www.europesays.com\/fi\/wp-json\/wp\/v2\/posts"}],"about":[{"href":"https:\/\/www.europesays.com\/fi\/wp-json\/wp\/v2\/types\/post"}],"author":[{"embeddable":true,"href":"https:\/\/www.europesays.com\/fi\/wp-json\/wp\/v2\/users\/2"}],"replies":[{"embeddable":true,"href":"https:\/\/www.europesays.com\/fi\/wp-json\/wp\/v2\/comments?post=125813"}],"version-history":[{"count":0,"href":"https:\/\/www.europesays.com\/fi\/wp-json\/wp\/v2\/posts\/125813\/revisions"}],"wp:featuredmedia":[{"embeddable":true,"href":"https:\/\/www.europesays.com\/fi\/wp-json\/wp\/v2\/media\/125814"}],"wp:attachment":[{"href":"https:\/\/www.europesays.com\/fi\/wp-json\/wp\/v2\/media?parent=125813"}],"wp:term":[{"taxonomy":"category","embeddable":true,"href":"https:\/\/www.europesays.com\/fi\/wp-json\/wp\/v2\/categories?post=125813"},{"taxonomy":"post_tag","embeddable":true,"href":"https:\/\/www.europesays.com\/fi\/wp-json\/wp\/v2\/tags?post=125813"}],"curies":[{"name":"wp","href":"https:\/\/api.w.org\/{rel}","templated":true}]}}