{"id":125815,"date":"2025-12-25T20:37:12","date_gmt":"2025-12-25T20:37:12","guid":{"rendered":"https:\/\/www.europesays.com\/fi\/125815\/"},"modified":"2025-12-25T20:37:12","modified_gmt":"2025-12-25T20:37:12","slug":"nain-pirkanmaalaiset-muistelevat-laheisiaan-nyt-vasta-ymmarran-heita-jotenkin-paremmin","status":"publish","type":"post","link":"https:\/\/www.europesays.com\/fi\/125815\/","title":{"rendered":"N\u00e4in pirkanmaalaiset muistelevat l\u00e4heisi\u00e4\u00e4n \u2013 \u201dNyt vasta ymm\u00e4rr\u00e4n heit\u00e4 jotenkin paremmin\u201d"},"content":{"rendered":"<p>Lukijat kertovat, ett\u00e4 jouluisin muistellaan erityisesti edesmenneiden l\u00e4heisten kanssa vietettyj\u00e4 jouluja.<\/p>\n<p class=\"article-body mb-nof-24 px-nof-16\">Aamulehti<\/p>\n<p class=\"article-body mb-nof-24 px-nof-16\">Aamulehden lukijat kertovat, ett\u00e4 joulun pyhin\u00e4 muistellaan yleens\u00e4 edesmenneit\u00e4 l\u00e4heisi\u00e4, kuten esimerkiksi puolisoita, vanhempia sek\u00e4 isovanhempia.<\/p>\n<p class=\"article-body mb-nof-24 px-nof-16\">\u201dMuistelen vanhempiani. Nyt vasta ymm\u00e4rr\u00e4n heit\u00e4 jotenkin paremmin. Harmillisesti liian my\u00f6h\u00e4\u00e4n\u201d, tamperelainen nainen kertoo.<\/p>\n<p class=\"article-body mb-nof-24 px-nof-16\">Aamulehti ei julkaise kyselyyn vastaajien nimi\u00e4, sill\u00e4 vastauksissa k\u00e4sitell\u00e4\u00e4n heid\u00e4n henkil\u00f6kohtaisia asioitaan.<\/p>\n<p class=\"article-body mb-nof-24 px-nof-16\">\u201dAjattelen miest\u00e4ni, jota yh\u00e4 kaipaan, ja yhteisi\u00e4 joulujamme. My\u00f6s \u00e4iti\u00e4ni. Siskoni l\u00e4hti juuri. Vanhemmiten olen miettinyt, kuinka he ovat vaikuttaneet minuun, mink\u00e4lainen oli heid\u00e4n el\u00e4m\u00e4ns\u00e4 ja mink\u00e4lainen suhde v\u00e4lill\u00e4mme oli\u201d, valkeakoskelainen nainen kirjoittaa vastauksessaan.<\/p>\n<p class=\"article-body mb-nof-24 px-nof-16\">\u201dLapseni, is\u00e4ni ja set\u00e4 ovat muistoissani. Oman lapsen menetys on aina rankkaa. My\u00f6s is\u00e4n menetys aikuisi\u00e4ll\u00e4 koski ja kovaa. Set\u00e4 puuttuu meid\u00e4n joulup\u00f6yd\u00e4st\u00e4, mutta on ajatuksissamme\u201d, Tampereelta kotoisin oleva henkil\u00f6 vastasi kyselyyn.<\/p>\n<p>Joulunvietto muuttui<\/p>\n<p class=\"article-body mb-nof-24 px-nof-16\">Lukijat kertoivat my\u00f6s vastauksissaan, ett\u00e4 l\u00e4heisten poismenon my\u00f6t\u00e4 joulunvietto on muuttunut ja synnytt\u00e4nyt uusia perinteit\u00e4.<\/p>\n<p class=\"article-body mb-nof-24 px-nof-16\">\u201dPuolisoani muistelen ja sytytin h\u00e4nelle kynttil\u00e4n. T\u00e4m\u00e4 on ensimm\u00e4inen jouluni lesken\u00e4 41 vuoden yhteiselon j\u00e4lkeen\u201d, nainen Pirkkalasta kuvailee muuttunutta joulunviettoaan.<\/p>\n<p class=\"article-body mb-nof-24 px-nof-16\">\u201dKaipaan miest\u00e4ni. Toinen joulu ilman h\u00e4nt\u00e4, 50 vuotta oli yhteisi\u00e4 jouluja takana. On luotava uusi joulunvieton tapa\u201d, Tampereelta kerrotaan.<\/p>\n<p class=\"article-body mb-nof-24 px-nof-16\">\u201dVanhempani ja muut sukulaiset sek\u00e4 liian varhain l\u00e4htenyt yst\u00e4v\u00e4ni ovat mieless\u00e4ni. On t\u00e4rke\u00e4\u00e4 sytytt\u00e4\u00e4 kynttil\u00e4, muistaa ja muistella. Sill\u00e4 tavalla perinteet siirtyv\u00e4t seuraaville sukupolville\u201d, kirjoittaa Tampereelta kotoisin oleva lukija.<\/p>\n<p>Kissa ja Juice<\/p>\n<p class=\"article-body mb-nof-24 px-nof-16\">Edesmenneiden l\u00e4heisten lis\u00e4ksi lukijat muistelivat my\u00f6s muusikoita ja lemmikkej\u00e4\u00e4n.<\/p>\n<p class=\"article-body mb-nof-24 px-nof-16\">\u201dSuuri ik\u00e4v\u00e4 on my\u00f6s kissaani, joka oli ilonani 24 vuotta. Olen viimeinen elossa oleva perheest\u00e4ni. Vanhemmiten joulut ovat muistelujen aikaa ja siksi jotenkin surullisia\u201d, kerrotaan Nokialta.<\/p>\n<p class=\"article-body mb-nof-24 px-nof-16\">\u201dJuicea. Juicea muistelen. On hyvi\u00e4 muistoja ja ik\u00e4v\u00e4\u201d, kertoo p\u00e4lk\u00e4nel\u00e4inen manserockin yst\u00e4v\u00e4.<\/p>\n","protected":false},"excerpt":{"rendered":"Lukijat kertovat, ett\u00e4 jouluisin muistellaan erityisesti edesmenneiden l\u00e4heisten kanssa vietettyj\u00e4 jouluja. Aamulehti Aamulehden lukijat kertovat, ett\u00e4 joulun pyhin\u00e4&hellip;\n","protected":false},"author":2,"featured_media":125816,"comment_status":"","ping_status":"","sticky":false,"template":"","format":"standard","meta":{"footnotes":""},"categories":[5],"tags":[157,22,23,26,27,33,31,30,17,24,25,28,29,15,18,21,32,19,20,16],"class_list":{"0":"post-125815","1":"post","2":"type-post","3":"status-publish","4":"format-standard","5":"has-post-thumbnail","7":"category-otsikot","8":"tag-aamulehti","9":"tag-breaking-news","10":"tag-breakingnews","11":"tag-featured-news","12":"tag-featurednews","13":"tag-fi","14":"tag-finland","15":"tag-finnish","16":"tag-headlines","17":"tag-latest-news","18":"tag-latestnews","19":"tag-main-news","20":"tag-mainnews","21":"tag-news","22":"tag-otsikot","23":"tag-paauutiset","24":"tag-suomi","25":"tag-top-stories","26":"tag-topstories","27":"tag-uutiset"},"share_on_mastodon":{"url":"https:\/\/pubeurope.com\/@fi\/115782132893309600","error":""},"_links":{"self":[{"href":"https:\/\/www.europesays.com\/fi\/wp-json\/wp\/v2\/posts\/125815","targetHints":{"allow":["GET"]}}],"collection":[{"href":"https:\/\/www.europesays.com\/fi\/wp-json\/wp\/v2\/posts"}],"about":[{"href":"https:\/\/www.europesays.com\/fi\/wp-json\/wp\/v2\/types\/post"}],"author":[{"embeddable":true,"href":"https:\/\/www.europesays.com\/fi\/wp-json\/wp\/v2\/users\/2"}],"replies":[{"embeddable":true,"href":"https:\/\/www.europesays.com\/fi\/wp-json\/wp\/v2\/comments?post=125815"}],"version-history":[{"count":0,"href":"https:\/\/www.europesays.com\/fi\/wp-json\/wp\/v2\/posts\/125815\/revisions"}],"wp:featuredmedia":[{"embeddable":true,"href":"https:\/\/www.europesays.com\/fi\/wp-json\/wp\/v2\/media\/125816"}],"wp:attachment":[{"href":"https:\/\/www.europesays.com\/fi\/wp-json\/wp\/v2\/media?parent=125815"}],"wp:term":[{"taxonomy":"category","embeddable":true,"href":"https:\/\/www.europesays.com\/fi\/wp-json\/wp\/v2\/categories?post=125815"},{"taxonomy":"post_tag","embeddable":true,"href":"https:\/\/www.europesays.com\/fi\/wp-json\/wp\/v2\/tags?post=125815"}],"curies":[{"name":"wp","href":"https:\/\/api.w.org\/{rel}","templated":true}]}}