{"id":125817,"date":"2025-12-25T20:56:08","date_gmt":"2025-12-25T20:56:08","guid":{"rendered":"https:\/\/www.europesays.com\/fi\/125817\/"},"modified":"2025-12-25T20:56:08","modified_gmt":"2025-12-25T20:56:08","slug":"huhut-max-verstappenista-vain-sattumaa-ajattelin-etta-voi-pka","status":"publish","type":"post","link":"https:\/\/www.europesays.com\/fi\/125817\/","title":{"rendered":"Huhut Max Verstappenista vain sattumaa? \u2013 \u201dAjattelin, ett\u00e4 voi p**ka\u201d"},"content":{"rendered":"<p>F1-t\u00e4hti <strong>Max Verstappen<\/strong> on koko vuoden 2025 ajan ollut siirtohuhujen keskell\u00e4.<\/p>\n<p>Mik\u00e4\u00e4n salaisuus ei ole, ett\u00e4 Mercedes haluaa h\u00e4net riveihins\u00e4. Mersu on valmis laittamaan p\u00f6yt\u00e4\u00e4n enn\u00e4tyksellisi\u00e4 summia.<\/p>\n<p>Viime kev\u00e4\u00e4n\u00e4 huhut saivat uusia kierroksia, kun Verstappenin ja Mercedes-pomo <strong>Toto Wolffin <\/strong>kerrottiin lomailleen yhdess\u00e4 Sardiniassa. Verstappenin mukaan kyse ei ollut yhteisist\u00e4 suunnitelmista, vaan he t\u00f6rm\u00e4siv\u00e4t lomalla sattumalta, kun heid\u00e4n jahtinsa ankkuroituivat samaan satamaan.<\/p>\n<p>\u2013 Saavuimme sinne ja n\u00e4in h\u00e4net. Ajattelin kirjaimellisesti, ett\u00e4 \u201dvoi p**ka\u201d. \u00a0Tajusin heti, mit\u00e4 voisi tapahtua, Verstappen totesi Viaplayn haastattelussa.<\/p>\n<p>Media olikin pian t\u00e4ynn\u00e4 uutisia Verstappenin ja Wolffin yhteisest\u00e4 lomasta. Verstappen korostaa Viaplaylle, ett\u00e4 tavattuaan toisensa yll\u00e4tt\u00e4en he meniv\u00e4tkin yhdess\u00e4 sy\u00f6m\u00e4\u00e4n ja seurueiden lapset leikkiv\u00e4t toistensa kanssa. Mutta mihink\u00e4\u00e4n t\u00f6ihin liittyv\u00e4\u00e4 suunnitelmallisuutta ei ollut.<\/p>\n<p><strong>LUE MY\u00d6S:\u00a0<a href=\"https:\/\/atleetti.fi\/jari-porttilan-blogi-niskasten-uhkapeli-tourilla\/\" target=\"_blank\" rel=\"nofollow noopener\">Jari Porttilan blogi: Niskasten uhkapeli Tourilla (Atleetti.fi) <\/a><\/strong><\/p>\n","protected":false},"excerpt":{"rendered":"F1-t\u00e4hti Max Verstappen on koko vuoden 2025 ajan ollut siirtohuhujen keskell\u00e4. Mik\u00e4\u00e4n salaisuus ei ole, ett\u00e4 Mercedes haluaa&hellip;\n","protected":false},"author":2,"featured_media":107679,"comment_status":"","ping_status":"","sticky":false,"template":"","format":"standard","meta":{"footnotes":""},"categories":[158],"tags":[33,31,30,159,32,160],"class_list":{"0":"post-125817","1":"post","2":"type-post","3":"status-publish","4":"format-standard","5":"has-post-thumbnail","7":"category-urheilu","8":"tag-fi","9":"tag-finland","10":"tag-finnish","11":"tag-sports","12":"tag-suomi","13":"tag-urheilu"},"share_on_mastodon":{"url":"https:\/\/pubeurope.com\/@fi\/115782207805328350","error":""},"_links":{"self":[{"href":"https:\/\/www.europesays.com\/fi\/wp-json\/wp\/v2\/posts\/125817","targetHints":{"allow":["GET"]}}],"collection":[{"href":"https:\/\/www.europesays.com\/fi\/wp-json\/wp\/v2\/posts"}],"about":[{"href":"https:\/\/www.europesays.com\/fi\/wp-json\/wp\/v2\/types\/post"}],"author":[{"embeddable":true,"href":"https:\/\/www.europesays.com\/fi\/wp-json\/wp\/v2\/users\/2"}],"replies":[{"embeddable":true,"href":"https:\/\/www.europesays.com\/fi\/wp-json\/wp\/v2\/comments?post=125817"}],"version-history":[{"count":0,"href":"https:\/\/www.europesays.com\/fi\/wp-json\/wp\/v2\/posts\/125817\/revisions"}],"wp:featuredmedia":[{"embeddable":true,"href":"https:\/\/www.europesays.com\/fi\/wp-json\/wp\/v2\/media\/107679"}],"wp:attachment":[{"href":"https:\/\/www.europesays.com\/fi\/wp-json\/wp\/v2\/media?parent=125817"}],"wp:term":[{"taxonomy":"category","embeddable":true,"href":"https:\/\/www.europesays.com\/fi\/wp-json\/wp\/v2\/categories?post=125817"},{"taxonomy":"post_tag","embeddable":true,"href":"https:\/\/www.europesays.com\/fi\/wp-json\/wp\/v2\/tags?post=125817"}],"curies":[{"name":"wp","href":"https:\/\/api.w.org\/{rel}","templated":true}]}}