{"id":125818,"date":"2025-12-25T20:57:12","date_gmt":"2025-12-25T20:57:12","guid":{"rendered":"https:\/\/www.europesays.com\/fi\/125818\/"},"modified":"2025-12-25T20:57:12","modified_gmt":"2025-12-25T20:57:12","slug":"cardi-b-treenaa-juoksumatolla-hijabissa-fanit-luulivat-tekoalyksi-stara-fi","status":"publish","type":"post","link":"https:\/\/www.europesays.com\/fi\/125818\/","title":{"rendered":"Cardi B treenaa juoksumatolla hijabissa \u2013 fanit luulivat teko\u00e4lyksi \u2013 Stara.fi"},"content":{"rendered":"<p>R\u00e4pp\u00e4ri Cardi B sai marraskuussa nelj\u00e4nnen lapsensa. T\u00e4hdell\u00e4 on ennest\u00e4\u00e4n h\u00e4nen entisen puolisonsa Offsetin kanssa kolme lasta, tytt\u00e4ret Blossom ja Kulture sek\u00e4 poika Wave.<\/p>\n<p>MAINOS ALKAAMAINOS LOPPUU<\/p>\n<p>Nyt vain kuukausi lapsen syntym\u00e4n j\u00e4lkeen Cardi B on osoittanut olevansa t\u00e4ysill\u00e4 valmistautumassa tulevalle Little Miss Drama -kiertueelleen, joka k\u00e4ynnistyy helmikuussa. Artisti jakoi Instagramissa hauskan Saudi-Arabiassa kuvatun treenivideon, jossa h\u00e4n juoksee juoksumatolla ja polkee kuntopy\u00f6r\u00e4\u00e4 hijab p\u00e4\u00e4ss\u00e4\u00e4n.<\/p>\n<p>Videolla 33-vuotias Cardi B kertoo olevansa Saudi-Arabiassa ja muistuttaa, ett\u00e4 kiertueeseen on en\u00e4\u00e4 kaksi kuukautta aikaa. Artisti vitsailee faneilleen my\u00f6s siit\u00e4, miten h\u00e4n on p\u00e4\u00e4ssyt takaisin kuntoon raskauden j\u00e4lkeen.<\/p>\n<p>MAINOS ALKAAMAINOS LOPPUU<\/p>\n<p>\u2013 Kerron teille, miten laihduin. Stressill\u00e4, Cardi B naurahti.<\/p>\n<p>Cardi B mainostaa videolla tulevaa kiertuettaan ja kehottaa fanejaan ostamaan liput ajoissa. H\u00e4n muistuttaa, ett\u00e4 joulun ja muiden juhlapyhien aikaan liput ovat oiva lahja, sill\u00e4 tammikuussa niit\u00e4 ei v\u00e4ltt\u00e4m\u00e4tt\u00e4 en\u00e4\u00e4 ole saatavilla.<\/p>\n<p>MAINOS ALKAAMAINOS LOPPUU<\/p>\n<p>Videon lopuksi Cardi huudahtaa arabiankielisen ilmauksen Mashallah. Videon kuvauksessa h\u00e4n kirjoittaa olevansa valmis treenaamaan milloin ja miss\u00e4 tahansa. H\u00e4n kertoi kiertueestaan ensimm\u00e4isen kerran syyskuussa ja vakuutti jo tuolloin, ett\u00e4 vauvan syntym\u00e4 ei est\u00e4 h\u00e4nt\u00e4 l\u00e4htem\u00e4st\u00e4 tien p\u00e4\u00e4lle. <\/p>\n<p>Helmikuussa starttaava Little Miss Drama -kiertue perustuu Cardi B:n tuoreimpaan studioalbumiin Am I the Drama?. Kiertue huipentuu huhtikuussa Atlantassa ja r\u00e4pp\u00e4ri on tehnyt selv\u00e4ksi, ett\u00e4 luvassa on hyvin n\u00e4ytt\u00e4v\u00e4, intensiivinen ja kunnianhimoinen show.<\/p>\n<blockquote class=\"instagram-media\" data-instgrm-captioned=\"\" data-instgrm-permalink=\"https:\/\/www.instagram.com\/reel\/DSNodR7DJeK\/?utm_source=ig_embed&amp;utm_campaign=loading\" data-instgrm-version=\"14\" style=\" background:#FFF; border:0; border-radius:3px; box-shadow:0 0 1px 0 rgba(0,0,0,0.5),0 1px 10px 0 rgba(0,0,0,0.15); margin: 1px; max-width:540px; min-width:326px; padding:0; width:99.375%; width:-webkit-calc(100% - 2px); width:calc(100% - 2px);\">\n<\/blockquote>\n<p>\n\t\t\t\tVoit halutessasi lukea Starassa my\u00f6s lis\u00e4\u00e4 juuri t\u00e4h\u00e4n artikkeliin liittyvist\u00e4 teemoista ja aiheista, kuten <a href=\"https:\/\/www.stara.fi\/asiasanat\/cardi-b\/\" rel=\"tag nofollow noopener\" target=\"_blank\">Cardi B<\/a> tai laajemmin t\u00e4st\u00e4 aihealueesta <a href=\"https:\/\/www.stara.fi\/category\/viihdeuutiset\/\" rel=\"category tag nofollow noopener\" target=\"_blank\">Viihdeuutiset<\/a> -osioistamme.\n\t\t\t<\/p>\n<p>\t\t\t\t\t<script async src=\"\/\/www.instagram.com\/embed.js\"><\/script><\/p>\n","protected":false},"excerpt":{"rendered":"R\u00e4pp\u00e4ri Cardi B sai marraskuussa nelj\u00e4nnen lapsensa. T\u00e4hdell\u00e4 on ennest\u00e4\u00e4n h\u00e4nen entisen puolisonsa Offsetin kanssa kolme lasta, tytt\u00e4ret&hellip;\n","protected":false},"author":2,"featured_media":45608,"comment_status":"","ping_status":"","sticky":false,"template":"","format":"standard","meta":{"footnotes":""},"categories":[130],"tags":[137,33,31,30,32,109],"class_list":{"0":"post-125818","1":"post","2":"type-post","3":"status-publish","4":"format-standard","5":"has-post-thumbnail","7":"category-viihde","8":"tag-entertainment","9":"tag-fi","10":"tag-finland","11":"tag-finnish","12":"tag-suomi","13":"tag-viihde"},"share_on_mastodon":{"url":"https:\/\/pubeurope.com\/@fi\/115782211534096718","error":""},"_links":{"self":[{"href":"https:\/\/www.europesays.com\/fi\/wp-json\/wp\/v2\/posts\/125818","targetHints":{"allow":["GET"]}}],"collection":[{"href":"https:\/\/www.europesays.com\/fi\/wp-json\/wp\/v2\/posts"}],"about":[{"href":"https:\/\/www.europesays.com\/fi\/wp-json\/wp\/v2\/types\/post"}],"author":[{"embeddable":true,"href":"https:\/\/www.europesays.com\/fi\/wp-json\/wp\/v2\/users\/2"}],"replies":[{"embeddable":true,"href":"https:\/\/www.europesays.com\/fi\/wp-json\/wp\/v2\/comments?post=125818"}],"version-history":[{"count":0,"href":"https:\/\/www.europesays.com\/fi\/wp-json\/wp\/v2\/posts\/125818\/revisions"}],"wp:featuredmedia":[{"embeddable":true,"href":"https:\/\/www.europesays.com\/fi\/wp-json\/wp\/v2\/media\/45608"}],"wp:attachment":[{"href":"https:\/\/www.europesays.com\/fi\/wp-json\/wp\/v2\/media?parent=125818"}],"wp:term":[{"taxonomy":"category","embeddable":true,"href":"https:\/\/www.europesays.com\/fi\/wp-json\/wp\/v2\/categories?post=125818"},{"taxonomy":"post_tag","embeddable":true,"href":"https:\/\/www.europesays.com\/fi\/wp-json\/wp\/v2\/tags?post=125818"}],"curies":[{"name":"wp","href":"https:\/\/api.w.org\/{rel}","templated":true}]}}