{"id":125819,"date":"2025-12-25T21:01:27","date_gmt":"2025-12-25T21:01:27","guid":{"rendered":"https:\/\/www.europesays.com\/fi\/125819\/"},"modified":"2025-12-25T21:01:27","modified_gmt":"2025-12-25T21:01:27","slug":"suomalaisista-on-voinut-tulla-pysyvasti-saastavaisempia-asiantuntija-sanoo","status":"publish","type":"post","link":"https:\/\/www.europesays.com\/fi\/125819\/","title":{"rendered":"Suomalaisista on voinut tulla pysyv\u00e4sti s\u00e4\u00e4st\u00e4v\u00e4isempi\u00e4, asiantuntija sanoo"},"content":{"rendered":"<p data-beyondwords-marker=\"4bce3e12-a5d9-4ecd-848e-a89d10b4832e\">Suomalaiset ovat viime vuosina s\u00e4\u00e4st\u00e4neet ahkerasti. Rahaa ei k\u00e4ytet\u00e4, vaikka sit\u00e4 olisi, mik\u00e4 on syksyst\u00e4 asti ollut <a href=\"https:\/\/www.youtube.com\/watch?v=63xo4UWrQpA\" rel=\"nofollow noopener\" target=\"_blank\">suosittu<\/a> <a href=\"https:\/\/julkaisut.valtioneuvosto.fi\/items\/5160b13d-3837-409a-a613-3d1cf37c76be\" rel=\"nofollow noopener\" target=\"_blank\">selitys<\/a> talouskasvun viiv\u00e4stymiselle.<\/p>\n<p data-beyondwords-marker=\"a80758a4-f493-45c3-9b3a-0b8cf72714d3\">Tilastokeskus <a href=\"https:\/\/stat.fi\/julkaisu\/cm0l2snbg0yxq08w3kkjikqjj\" rel=\"nofollow noopener\" target=\"_blank\">kertoi<\/a> marraskuussa, ett\u00e4 monet eiv\u00e4t aikoneet k\u00e4ytt\u00e4\u00e4 rahaa tavaroihin tai esimerkiksi autoihin. Ne ja asunnot muodostavat suuren osan puuttuvasta kulutuksesta, kertoo tutkija <strong>Ilja Kavonius<\/strong>. H\u00e4n ty\u00f6skentelee Helsingin yliopiston Kuluttajatutkimuskeskuksessa ja s\u00e4\u00e4st\u00e4minen on yksi h\u00e4nen erikoisaloistaan.<\/p>\n<p data-beyondwords-marker=\"09e981b2-5320-401b-8e68-910ca335989d\">Sit\u00e4 on vaikeampaa sanoa, keit\u00e4 s\u00e4\u00e4st\u00e4j\u00e4t t\u00e4sm\u00e4llisesti ovat. Tarkkoja lukuja on v\u00e4h\u00e4n, t\u00e4ytyy turvautua aihetodisteisiin.<\/p>\n<p data-beyondwords-marker=\"badb9254-c49b-4e6d-b344-64592e7662d3\">Tilastokeskuksen mukaan juuri el\u00e4kel\u00e4isten ja 50\u201374-vuotiaiden kuluttajien luottamus oli marraskuussa erityisen heikko. Varsinkin el\u00e4kel\u00e4isten rahank\u00e4yt\u00f6ss\u00e4 on jotain hiukan selitt\u00e4m\u00e4t\u00f6nt\u00e4, Kavonius sanoo.<\/p>\n","protected":false},"excerpt":{"rendered":"Suomalaiset ovat viime vuosina s\u00e4\u00e4st\u00e4neet ahkerasti. Rahaa ei k\u00e4ytet\u00e4, vaikka sit\u00e4 olisi, mik\u00e4 on syksyst\u00e4 asti ollut suosittu&hellip;\n","protected":false},"author":2,"featured_media":125820,"comment_status":"","ping_status":"","sticky":false,"template":"","format":"standard","meta":{"footnotes":""},"categories":[76],"tags":[12023,79,77,16248,33,31,30,12025,12026,7286,12018,9735,1240,13588,32,78],"class_list":{"0":"post-125819","1":"post","2":"type-post","3":"status-publish","4":"format-standard","5":"has-post-thumbnail","7":"category-talous","8":"tag-ajankohtainen","9":"tag-business","10":"tag-economy","11":"tag-elakkeet","12":"tag-fi","13":"tag-finland","14":"tag-finnish","15":"tag-juttu-2","16":"tag-kansantalous","17":"tag-kriisit","18":"tag-kulutus","19":"tag-luottamus","20":"tag-raha","21":"tag-saastaminen","22":"tag-suomi","23":"tag-talous"},"share_on_mastodon":{"url":"https:\/\/pubeurope.com\/@fi\/115782227336551640","error":""},"_links":{"self":[{"href":"https:\/\/www.europesays.com\/fi\/wp-json\/wp\/v2\/posts\/125819","targetHints":{"allow":["GET"]}}],"collection":[{"href":"https:\/\/www.europesays.com\/fi\/wp-json\/wp\/v2\/posts"}],"about":[{"href":"https:\/\/www.europesays.com\/fi\/wp-json\/wp\/v2\/types\/post"}],"author":[{"embeddable":true,"href":"https:\/\/www.europesays.com\/fi\/wp-json\/wp\/v2\/users\/2"}],"replies":[{"embeddable":true,"href":"https:\/\/www.europesays.com\/fi\/wp-json\/wp\/v2\/comments?post=125819"}],"version-history":[{"count":0,"href":"https:\/\/www.europesays.com\/fi\/wp-json\/wp\/v2\/posts\/125819\/revisions"}],"wp:featuredmedia":[{"embeddable":true,"href":"https:\/\/www.europesays.com\/fi\/wp-json\/wp\/v2\/media\/125820"}],"wp:attachment":[{"href":"https:\/\/www.europesays.com\/fi\/wp-json\/wp\/v2\/media?parent=125819"}],"wp:term":[{"taxonomy":"category","embeddable":true,"href":"https:\/\/www.europesays.com\/fi\/wp-json\/wp\/v2\/categories?post=125819"},{"taxonomy":"post_tag","embeddable":true,"href":"https:\/\/www.europesays.com\/fi\/wp-json\/wp\/v2\/tags?post=125819"}],"curies":[{"name":"wp","href":"https:\/\/api.w.org\/{rel}","templated":true}]}}