{"id":125821,"date":"2025-12-25T21:03:25","date_gmt":"2025-12-25T21:03:25","guid":{"rendered":"https:\/\/www.europesays.com\/fi\/125821\/"},"modified":"2025-12-25T21:03:25","modified_gmt":"2025-12-25T21:03:25","slug":"brasilian-ex-presidentti-leikattiin-onnistuneesti-palaa-pian-vankilaan-uutisia-lyhyesti","status":"publish","type":"post","link":"https:\/\/www.europesays.com\/fi\/125821\/","title":{"rendered":"Brasilian ex-presidentti leikattiin onnistuneesti \u2013 palaa pian vankilaan | Uutisia lyhyesti"},"content":{"rendered":"<p class=\"aw-1gybjub aw-1p7kakr kEtdKx cEmitX yle__article__paragraph\">Brasilian entisen presidentin <strong class=\"aw-ak79eh KyCXm yle__article__strong\">Jair Bolsonaron<\/strong> nivustyr\u00e4 on leikattu onnistuneesti, kertoo h\u00e4nen vaimonsa. Leikkaus kesti noin kolme ja puoli tuntia.<\/p>\n<p class=\"aw-1gybjub aw-1p7kakr kEtdKx cEmitX yle__article__paragraph\">Ex-presidentti\u00e4 puukotettiin vatsaan vuonna 2018. T\u00e4m\u00e4n seurauksena h\u00e4net on jouduttu leikkaamaan useasti.<\/p>\n<p class=\"aw-1gybjub aw-1p7kakr kEtdKx cEmitX yle__article__paragraph\">Bolsonaro <a class=\"aw-iao6s4 iHOxEa yle__article__link\" href=\"https:\/\/yle.fi\/a\/74-20201430\" role=\"link\" rel=\"nofollow noopener\" target=\"_blank\">vietiin vankilasta sairaalaan<\/a> eilen keskiviikkona. H\u00e4n k\u00e4rsii parhaillaan 27 vuoden vankeustuomiota vallankaappauksen yrityksest\u00e4.<\/p>\n<p class=\"aw-1gybjub aw-1p7kakr kEtdKx cEmitX yle__article__paragraph\">Bolsonaro oli pyyt\u00e4nyt p\u00e4\u00e4st\u00e4 sairaalahoidon j\u00e4lkeen kotiarestiin, mutta maan oikeusministeri ev\u00e4si pyynn\u00f6n. N\u00e4in ollen h\u00e4n joutuu palaamaan vankilaan.<\/p>\n<p class=\"aw-1gybjub aw-1p7kakr kEtdKx cEmitX yle__article__paragraph\">L\u00e4hteet: AFP, AP<\/p>\n","protected":false},"excerpt":{"rendered":"Brasilian entisen presidentin Jair Bolsonaron nivustyr\u00e4 on leikattu onnistuneesti, kertoo h\u00e4nen vaimonsa. Leikkaus kesti noin kolme ja puoli&hellip;\n","protected":false},"author":2,"featured_media":74,"comment_status":"","ping_status":"","sticky":false,"template":"","format":"standard","meta":{"footnotes":""},"categories":[14],"tags":[2741,6496,22,23,26,27,33,31,30,17,6495,24,25,28,29,15,18,21,32,167,19,20,56,16,59,60,61],"class_list":{"0":"post-125821","1":"post","2":"type-post","3":"status-publish","4":"format-standard","5":"has-post-thumbnail","7":"category-ulkomaat","8":"tag-brasilia","9":"tag-brasilialaiset-poliitikot","10":"tag-breaking-news","11":"tag-breakingnews","12":"tag-featured-news","13":"tag-featurednews","14":"tag-fi","15":"tag-finland","16":"tag-finnish","17":"tag-headlines","18":"tag-jair-bolsonaro","19":"tag-latest-news","20":"tag-latestnews","21":"tag-main-news","22":"tag-mainnews","23":"tag-news","24":"tag-otsikot","25":"tag-paauutiset","26":"tag-suomi","27":"tag-terveys","28":"tag-top-stories","29":"tag-topstories","30":"tag-ulkomaat","31":"tag-uutiset","32":"tag-world","33":"tag-world-news","34":"tag-worldnews"},"share_on_mastodon":{"url":"https:\/\/pubeurope.com\/@fi\/115782235239741664","error":""},"_links":{"self":[{"href":"https:\/\/www.europesays.com\/fi\/wp-json\/wp\/v2\/posts\/125821","targetHints":{"allow":["GET"]}}],"collection":[{"href":"https:\/\/www.europesays.com\/fi\/wp-json\/wp\/v2\/posts"}],"about":[{"href":"https:\/\/www.europesays.com\/fi\/wp-json\/wp\/v2\/types\/post"}],"author":[{"embeddable":true,"href":"https:\/\/www.europesays.com\/fi\/wp-json\/wp\/v2\/users\/2"}],"replies":[{"embeddable":true,"href":"https:\/\/www.europesays.com\/fi\/wp-json\/wp\/v2\/comments?post=125821"}],"version-history":[{"count":0,"href":"https:\/\/www.europesays.com\/fi\/wp-json\/wp\/v2\/posts\/125821\/revisions"}],"wp:featuredmedia":[{"embeddable":true,"href":"https:\/\/www.europesays.com\/fi\/wp-json\/wp\/v2\/media\/74"}],"wp:attachment":[{"href":"https:\/\/www.europesays.com\/fi\/wp-json\/wp\/v2\/media?parent=125821"}],"wp:term":[{"taxonomy":"category","embeddable":true,"href":"https:\/\/www.europesays.com\/fi\/wp-json\/wp\/v2\/categories?post=125821"},{"taxonomy":"post_tag","embeddable":true,"href":"https:\/\/www.europesays.com\/fi\/wp-json\/wp\/v2\/tags?post=125821"}],"curies":[{"name":"wp","href":"https:\/\/api.w.org\/{rel}","templated":true}]}}