{"id":125824,"date":"2025-12-25T21:08:17","date_gmt":"2025-12-25T21:08:17","guid":{"rendered":"https:\/\/www.europesays.com\/fi\/125824\/"},"modified":"2025-12-25T21:08:17","modified_gmt":"2025-12-25T21:08:17","slug":"vauva-loukkaantui-siirtokuntalaisten-hyokkayksessa-kotiin-lansirannalla-uutisia-lyhyesti","status":"publish","type":"post","link":"https:\/\/www.europesays.com\/fi\/125824\/","title":{"rendered":"Vauva loukkaantui siirtokuntalaisten hy\u00f6kk\u00e4yksess\u00e4 kotiin L\u00e4nsirannalla | Uutisia lyhyesti"},"content":{"rendered":"<p class=\"aw-1gybjub aw-5vja16 kEtdKx kmuxyA yle__article__paragraph\">Israelin poliisi antoi ymm\u00e4rt\u00e4\u00e4, etteiv\u00e4t teosta ep\u00e4illyt olleet Israelin tunnustamia siirtokuntalaisia.<\/p>\n<p class=\"aw-1gybjub aw-1p7kakr kEtdKx cEmitX yle__article__paragraph\">Israelin viranomaiset ilmoittivat joulup\u00e4iv\u00e4n\u00e4 ottaneensa kiinni viisi israelilaista siirtokuntalaista, joiden ep\u00e4ill\u00e4\u00e4n olleen mukana hy\u00f6kk\u00e4yksess\u00e4 palestiinalaiskotiin miehitetyll\u00e4 L\u00e4nsirannalla.<\/p>\n<p class=\"aw-1gybjub aw-1p7kakr kEtdKx cEmitX yle__article__paragraph\">Hy\u00f6kk\u00e4yksess\u00e4 jouluaattona loukkaantui kahdeksankuinen tytt\u00f6vauva. Palestiinalaisen uutistoimisto Wafan mukaan vauva sai lievi\u00e4 vammoja kasvoihinsa ja p\u00e4\u00e4h\u00e4ns\u00e4.<\/p>\n<p class=\"aw-1gybjub aw-1p7kakr kEtdKx cEmitX yle__article__paragraph\">Wafan mukaan ryhm\u00e4 siirtokuntalaisia kivitti palestiinalaisten koteja ja omaisuutta Sai&#8217;rissa, joka sijaitsee Hebronin pohjoispuolella.<\/p>\n<p class=\"aw-1gybjub aw-1p7kakr kEtdKx cEmitX yle__article__paragraph\">Israelin poliisin lausunnon mukaan viisi ep\u00e4ilty\u00e4 on otettu kiinni, koska he ovat v\u00e4itetysti osallistuneet vakaviin v\u00e4kivallantekoihin Sai&#8217;rin kyl\u00e4ss\u00e4. Lausunnon mukaan viranomaiset olivat saaneet ilmoituksia kivien heittelemisest\u00e4 palestiinalaiskotiin, jossa loukkaantui tytt\u00f6lapsi.<\/p>\n<p>Hilltop Youth kannattaa \u201dsuoraa toimintaa\u201d<\/p>\n<p class=\"aw-1gybjub aw-1p7kakr kEtdKx cEmitX yle__article__paragraph\">Poliisi antoi ymm\u00e4rt\u00e4\u00e4 uutistoimisto AFP:n mukaan, etteiv\u00e4t teosta ep\u00e4illyt olleet Israelin virallisesti tunnustamia siirtokuntalaisia.<\/p>\n<p class=\"aw-1gybjub aw-1p7kakr kEtdKx cEmitX yle__article__paragraph\">Kansainv\u00e4lisen oikeuden n\u00e4k\u00f6kulmasta kaikki siirtokuntalaiset Israelin miehitt\u00e4m\u00e4ll\u00e4 L\u00e4nsirannalla ovat laittomia.<\/p>\n<p class=\"aw-1gybjub aw-1p7kakr kEtdKx cEmitX yle__article__paragraph\">Radikaaliin Hilltop Youth -liikkeeseen liittyv\u00e4ll\u00e4 Telegram-tilill\u00e4 julkaistiin videomateriaalia, jossa esiteltiin Sai&#8217;rissa aiheutettuja vahinkoja. Liikkeen j\u00e4senet kannattavat \u201dsuoraa toimintaa\u201d palestiinalaisia vastaan.<\/p>\n<p class=\"aw-1gybjub aw-1p7kakr kEtdKx cEmitX yle__article__paragraph\">AFP:n mukaan palestiinalaisia kohtaan iskuja tehneet siirtokuntalaiset eiv\u00e4t juuri ole saaneet rangaistuksia hy\u00f6kk\u00e4yksist\u00e4\u00e4n.<\/p>\n","protected":false},"excerpt":{"rendered":"Israelin poliisi antoi ymm\u00e4rt\u00e4\u00e4, etteiv\u00e4t teosta ep\u00e4illyt olleet Israelin tunnustamia siirtokuntalaisia. Israelin viranomaiset ilmoittivat joulup\u00e4iv\u00e4n\u00e4 ottaneensa kiinni viisi&hellip;\n","protected":false},"author":2,"featured_media":74,"comment_status":"","ping_status":"","sticky":false,"template":"","format":"standard","meta":{"footnotes":""},"categories":[5],"tags":[22,23,26,27,33,31,30,17,4258,24,25,28,29,15,18,21,32,19,20,56,16],"class_list":{"0":"post-125824","1":"post","2":"type-post","3":"status-publish","4":"format-standard","5":"has-post-thumbnail","7":"category-otsikot","8":"tag-breaking-news","9":"tag-breakingnews","10":"tag-featured-news","11":"tag-featurednews","12":"tag-fi","13":"tag-finland","14":"tag-finnish","15":"tag-headlines","16":"tag-konfliktit","17":"tag-latest-news","18":"tag-latestnews","19":"tag-main-news","20":"tag-mainnews","21":"tag-news","22":"tag-otsikot","23":"tag-paauutiset","24":"tag-suomi","25":"tag-top-stories","26":"tag-topstories","27":"tag-ulkomaat","28":"tag-uutiset"},"share_on_mastodon":{"url":"https:\/\/pubeurope.com\/@fi\/115782254815496409","error":""},"_links":{"self":[{"href":"https:\/\/www.europesays.com\/fi\/wp-json\/wp\/v2\/posts\/125824","targetHints":{"allow":["GET"]}}],"collection":[{"href":"https:\/\/www.europesays.com\/fi\/wp-json\/wp\/v2\/posts"}],"about":[{"href":"https:\/\/www.europesays.com\/fi\/wp-json\/wp\/v2\/types\/post"}],"author":[{"embeddable":true,"href":"https:\/\/www.europesays.com\/fi\/wp-json\/wp\/v2\/users\/2"}],"replies":[{"embeddable":true,"href":"https:\/\/www.europesays.com\/fi\/wp-json\/wp\/v2\/comments?post=125824"}],"version-history":[{"count":0,"href":"https:\/\/www.europesays.com\/fi\/wp-json\/wp\/v2\/posts\/125824\/revisions"}],"wp:featuredmedia":[{"embeddable":true,"href":"https:\/\/www.europesays.com\/fi\/wp-json\/wp\/v2\/media\/74"}],"wp:attachment":[{"href":"https:\/\/www.europesays.com\/fi\/wp-json\/wp\/v2\/media?parent=125824"}],"wp:term":[{"taxonomy":"category","embeddable":true,"href":"https:\/\/www.europesays.com\/fi\/wp-json\/wp\/v2\/categories?post=125824"},{"taxonomy":"post_tag","embeddable":true,"href":"https:\/\/www.europesays.com\/fi\/wp-json\/wp\/v2\/tags?post=125824"}],"curies":[{"name":"wp","href":"https:\/\/api.w.org\/{rel}","templated":true}]}}