{"id":125825,"date":"2025-12-25T21:23:09","date_gmt":"2025-12-25T21:23:09","guid":{"rendered":"https:\/\/www.europesays.com\/fi\/125825\/"},"modified":"2025-12-25T21:23:09","modified_gmt":"2025-12-25T21:23:09","slug":"nain-kavi-riina-maija-ja-kalle-palanderin-joulun","status":"publish","type":"post","link":"https:\/\/www.europesays.com\/fi\/125825\/","title":{"rendered":"N\u00e4in k\u00e4vi Riina-Maija ja Kalle Palanderin joulun"},"content":{"rendered":"<p>Julkkispari Riina-Maija ja Kalle Palanderin joulun yll\u00e4 leijui tummia pilvi\u00e4 ainakin mit\u00e4 somejulkaisuihin ja lehtitietoihin oli nojaaminen.<\/p>\n<p>Koko joulurevohka l\u00e4hti siit\u00e4, kun Riinis meni kommentoimaan haastattelussaan\u00a0<a href=\"https:\/\/www.seiska.fi\/kotimaa\/riina-maija-palanderilta-riipaiseva-paivitys-elamani-romahti\/2028571\" rel=\"nofollow noopener\" target=\"_blank\">Seiskalle<\/a>\u00a0perheen joulusuunnitelmia. H\u00e4n pamautti sanoa jotain sellaista mit\u00e4 Kalle ei nielaissut. Nimitt\u00e4in n\u00e4in:<\/p>\n<p>\u2013 Kyll\u00e4 min\u00e4 siit\u00e4 l\u00e4hden, ett\u00e4 h\u00e4n on paikalla viett\u00e4m\u00e4ss\u00e4 perhejoulua. Se, pystyyk\u00f6 Kalle siihen, on sitten ihan eri asia, h\u00e4n totesi.<\/p>\n<p>Kallelta kuppi nurin<\/p>\n<p>Kalle veti herneet ja hieman joulukinkkuakin nen\u00e4\u00e4ns\u00e4. H\u00e4n teki harvinaisen ulostulon omassa somessaan. Yleens\u00e4 h\u00e4n ei kuulemma pui t\u00e4llaisia asioita lainkaan.<\/p>\n<p>Lue my\u00f6s: <a href=\"https:\/\/www.como.fi\/uutiset\/riina-maija-palander-elamani-romahti\/\" title=\"Riina-Maija Palander: \u201dEl\u00e4m\u00e4ni romahti\u201d\" class=\"underline-custom !font-montserrat !font-bold !underline-offset-4 !decoration-4 !decoration-red-600 !text-md\" rel=\"nofollow noopener\" target=\"_blank\">Riina-Maija Palander: \u201dEl\u00e4m\u00e4ni romahti\u201d<\/a><\/p>\n<p>Lue my\u00f6s: <a href=\"https:\/\/www.como.fi\/uutiset\/kalle-palander-raivostui-vaimolleen-nyt-v-tuttaa\/\" title=\"Kalle Palander raivostui vaimolleen: Nyt v-tuttaa!\" class=\"underline-custom !font-montserrat !font-bold !underline-offset-4 !decoration-4 !decoration-red-600 !text-md\" rel=\"nofollow noopener\" target=\"_blank\">Kalle Palander raivostui vaimolleen: Nyt v-tuttaa!<\/a><\/p>\n<p>\u2013 Min\u00e4 olen viett\u00e4nyt jokaisen joulun lasteni kanssa ja tulen viett\u00e4m\u00e4\u00e4n jatkossakin. Min\u00e4 jos joku olen hoitanut t\u00e4ss\u00e4 perheess\u00e4 kaikki asiani. Selvitt\u00e4k\u00e4\u00e4 v\u00e4h\u00e4n taustoja, Kalle murisi ja totesi Riinan taustalla olevien henkil\u00f6iden olevan vastuussa moisista lausumista.<\/p>\n<p>Kuvia saman kuusen ymp\u00e4rilt\u00e4<\/p>\n<p>Mik\u00e4 on tilanne lopulta t\u00e4n\u00e4 jouluna? <\/p>\n<p>Palanderit n\u00e4ytt\u00e4v\u00e4t viett\u00e4neen joulua Virossa Ontikan kartanossa, jonka he omistavat. Molemmat ovat olleet somejulkaisujensa perusteella paikalla.<\/p>\n<p>Riiniksen julkaisemassa kuvassa tynnyrim\u00e4inen sauna on koristeltu upasti jouluvaloin ja niin my\u00f6s lipputanko on saanut juhlavat valok\u00e4\u00e4tyns\u00e4.<\/p>\n<p>Lue my\u00f6s: <a href=\"https:\/\/www.como.fi\/uutiset\/riina-maija-panader-tilittaa-yksinolostaan-teki-uuden-suunnitelman\/\" title=\"Riina-Maija Palader tilitt\u00e4\u00e4 yksinolostaan \u2013 teki uuden suunnitelman\" class=\"underline-custom !font-montserrat !font-bold !underline-offset-4 !decoration-4 !decoration-red-600 !text-md\" rel=\"nofollow noopener\" target=\"_blank\">Riina-Maija Palader tilitt\u00e4\u00e4 yksinolostaan \u2013 teki uuden suunnitelman<\/a><\/p>\n<p>\u2013 On paljon asioita, joista olla kiitollinen, Riina-Maija hehkuttaa. Onnea tuovat terveen\u00e4 olevat hevoset ja se, ett\u00e4 koko perhe on koolla, kaikki lapset \u2013 ja my\u00f6s Kalle.<\/p>\n<p>\u2013 Olen niin vannottanut, ett\u00e4 min\u00e4 en ikin\u00e4 osta oikeata kuusta. Onhan t\u00e4m\u00e4 nyt jumalauta siisti, Kalle Palander hehkuttaa puolestaan kuustaan omalla tarinavideollaan.<\/p>\n<p>Palandereilla on kolme lasta. Kalle j\u00e4tti eropaperit alkuvuodesta, mutta ero j\u00e4i sillens\u00e4.<\/p>\n<p>Lue my\u00f6s: <a href=\"https:\/\/www.como.fi\/tilaa-comon-uutiskirje\/\" title=\"Tilaa Comon uutiskirje ja tied\u00e4t mist\u00e4 kahvitauolla puhutaan! Nappaa kotimaan tv-vinkit ja puheenaiheet suoraan s\u00e4hk\u00f6postiin t\u00e4st\u00e4.\" class=\"underline-custom !font-montserrat !font-bold !underline-offset-4 !decoration-4 !decoration-red-600 !text-md\" rel=\"nofollow noopener\" target=\"_blank\">Tilaa Comon uutiskirje ja tied\u00e4t mist\u00e4 kahvitauolla puhutaan! Nappaa kotimaan tv-vinkit ja puheenaiheet suoraan s\u00e4hk\u00f6postiin t\u00e4st\u00e4.<\/a><\/p>\n","protected":false},"excerpt":{"rendered":"Julkkispari Riina-Maija ja Kalle Palanderin joulun yll\u00e4 leijui tummia pilvi\u00e4 ainakin mit\u00e4 somejulkaisuihin ja lehtitietoihin oli nojaaminen. Koko&hellip;\n","protected":false},"author":2,"featured_media":124545,"comment_status":"","ping_status":"","sticky":false,"template":"","format":"standard","meta":{"footnotes":""},"categories":[136],"tags":[407,137,33,31,30,408,10575,4232,32,109],"class_list":{"0":"post-125825","1":"post","2":"type-post","3":"status-publish","4":"format-standard","5":"has-post-thumbnail","7":"category-julkkikset","8":"tag-celebrities","9":"tag-entertainment","10":"tag-fi","11":"tag-finland","12":"tag-finnish","13":"tag-julkkikset","14":"tag-kalle-palander","15":"tag-riina-maija-palander","16":"tag-suomi","17":"tag-viihde"},"share_on_mastodon":{"url":"https:\/\/pubeurope.com\/@fi\/115782313791989808","error":""},"_links":{"self":[{"href":"https:\/\/www.europesays.com\/fi\/wp-json\/wp\/v2\/posts\/125825","targetHints":{"allow":["GET"]}}],"collection":[{"href":"https:\/\/www.europesays.com\/fi\/wp-json\/wp\/v2\/posts"}],"about":[{"href":"https:\/\/www.europesays.com\/fi\/wp-json\/wp\/v2\/types\/post"}],"author":[{"embeddable":true,"href":"https:\/\/www.europesays.com\/fi\/wp-json\/wp\/v2\/users\/2"}],"replies":[{"embeddable":true,"href":"https:\/\/www.europesays.com\/fi\/wp-json\/wp\/v2\/comments?post=125825"}],"version-history":[{"count":0,"href":"https:\/\/www.europesays.com\/fi\/wp-json\/wp\/v2\/posts\/125825\/revisions"}],"wp:featuredmedia":[{"embeddable":true,"href":"https:\/\/www.europesays.com\/fi\/wp-json\/wp\/v2\/media\/124545"}],"wp:attachment":[{"href":"https:\/\/www.europesays.com\/fi\/wp-json\/wp\/v2\/media?parent=125825"}],"wp:term":[{"taxonomy":"category","embeddable":true,"href":"https:\/\/www.europesays.com\/fi\/wp-json\/wp\/v2\/categories?post=125825"},{"taxonomy":"post_tag","embeddable":true,"href":"https:\/\/www.europesays.com\/fi\/wp-json\/wp\/v2\/tags?post=125825"}],"curies":[{"name":"wp","href":"https:\/\/api.w.org\/{rel}","templated":true}]}}