{"id":125826,"date":"2025-12-25T21:27:08","date_gmt":"2025-12-25T21:27:08","guid":{"rendered":"https:\/\/www.europesays.com\/fi\/125826\/"},"modified":"2025-12-25T21:27:08","modified_gmt":"2025-12-25T21:27:08","slug":"metal-hammer-listasi-vuoden-parhaat-black-metal-albumit-suomi-mainittu","status":"publish","type":"post","link":"https:\/\/www.europesays.com\/fi\/125826\/","title":{"rendered":"Metal Hammer listasi vuoden parhaat black metal -albumit &#8211; Suomi mainittu"},"content":{"rendered":"<p>Metal Hammer -lehti <a href=\"https:\/\/www.loudersound.com\/features\/best-black-metal-albums-2025\" target=\"_blank\" rel=\"noreferrer noopener nofollow\">on julkaissut listan<\/a>, johon on nostettu kymmenen vuoden parasta albumia black metalin saralla. Joukkoon on nostettu muun muassa <strong>Havukruunun <\/strong>Tavastland, joka sijoittui hyvin my\u00f6s <a href=\"https:\/\/www.inferno.fi\/uutiset\/metal-hammer-listasi-vuoden-parhaat-levyt-suomalaisvaria-mukana\/\" target=\"_blank\" rel=\"noreferrer noopener nofollow\">samaisen lehden yleisess\u00e4 vuosi\u00e4\u00e4nestyksess\u00e4<\/a>.<\/p>\n<p>\u201dSuomalaisyhtyeen kuudes albumi kysyy kysymyksen: \u2019Mit\u00e4 jos <strong>Iron Maiden<\/strong> olisi trve?\u2019 ja sitten vastaa siihen kysymykseen\u201d, lehden toimitus kuvailee.<\/p>\n<p>\u201dVaikka Havukruunu onkin vankka kulttisuosikki, t\u00e4m\u00e4 on levy, joka ansaitsee tulla kuulluksi my\u00f6s valtavirrassa.\u201d<\/p>\n<p>Lehden muita valintoja ovat muun muassa <strong>Gaahls Wyrdin<\/strong> Braiding the Stories, Deafheavenin Lonely People With Power, <strong>Blackbraidin <\/strong>Blackbraid III sek\u00e4 <strong>Cradle of Filthin<\/strong> The Screaming of the Valkyries. Katso koko lista perusteluineen <a href=\"https:\/\/www.loudersound.com\/features\/best-black-metal-albums-2025\" target=\"_blank\" rel=\"noreferrer noopener nofollow\">t\u00e4st\u00e4<\/a>.<\/p>\n<p>Lue my\u00f6s: <a href=\"https:\/\/www.inferno.fi\/uutiset\/metal-hammer-listasi-vuoden-parhaat-levyt-suomalaisvaria-mukana\/\" title=\"Metal Hammer listasi vuoden parhaat levyt \u2013 suomalaisv\u00e4ri\u00e4 mukana\" class=\"underline-custom !font-montserrat !font-bold !underline-offset-4 !decoration-4 !decoration-red-600 !text-md\" rel=\"nofollow noopener\" target=\"_blank\">Metal Hammer listasi vuoden parhaat levyt \u2013 suomalaisv\u00e4ri\u00e4 mukana<\/a><\/p>\n<p>Lue my\u00f6s: <a href=\"https:\/\/www.inferno.fi\/uutiset\/inferno-valitsi-vuoden-2025-kovimmat-levyt-tassa-kotimaan-karkikymmenikko\/\" title=\"Inferno valitsi vuoden 2025 kovimmat levyt \u2013 t\u00e4ss\u00e4 kotimaan k\u00e4rkikymmenikk\u00f6\" class=\"underline-custom !font-montserrat !font-bold !underline-offset-4 !decoration-4 !decoration-red-600 !text-md\" rel=\"nofollow noopener\" target=\"_blank\">Inferno valitsi vuoden 2025 kovimmat levyt \u2013 t\u00e4ss\u00e4 kotimaan k\u00e4rkikymmenikk\u00f6<\/a><\/p>\n<p>Lue my\u00f6s: <a href=\"https:\/\/www.inferno.fi\/uutiset\/inferno-valikoi-vuoden-2025-kovimmat-levyt-tassa-ulkomaisten-karkikymmenikko\/\" title=\"Inferno valikoi vuoden 2025 kovimmat levyt \u2013 t\u00e4ss\u00e4 ulkomaisten k\u00e4rkikymmenikk\u00f6\" class=\"underline-custom !font-montserrat !font-bold !underline-offset-4 !decoration-4 !decoration-red-600 !text-md\" rel=\"nofollow noopener\" target=\"_blank\">Inferno valikoi vuoden 2025 kovimmat levyt \u2013 t\u00e4ss\u00e4 ulkomaisten k\u00e4rkikymmenikk\u00f6<\/a><\/p>\n<p>Lue my\u00f6s: <a href=\"https:\/\/www.inferno.fi\/uutiskirje\/\" title=\"Tilaa Infernon uutiskirje\" class=\"underline-custom !font-montserrat !font-bold !underline-offset-4 !decoration-4 !decoration-red-600 !text-md\" rel=\"nofollow noopener\" target=\"_blank\">Tilaa Infernon uutiskirje ja tied\u00e4t mist\u00e4 kahvitauolla puhutaan! Nappaa raskaan musiikin uutiset ja puheenaiheet suoraan s\u00e4hk\u00f6postiin t\u00e4st\u00e4.<\/a><\/p>\n<p>\t\t\t<a href=\"https:\/\/www.facebook.com\/sharer\/sharer.php?u=https:\/\/www.inferno.fi\/uutiset\/metal-hammer-listasi-vuoden-parhaat-black-metal-albumit-suomi-mainittu\/\" target=\"_blank\" class=\"block px-4 py-2 text-sm text-gray-800 border-b hover:bg-gray-200\" rel=\"nofollow noopener\"><\/p>\n<p>\t\t\t\tFacebook<br \/>\n\t\t\t<\/a><br \/>\n\t\t\t<a href=\"https:\/\/twitter.com\/intent\/tweet?text=https:\/\/www.inferno.fi\/uutiset\/metal-hammer-listasi-vuoden-parhaat-black-metal-albumit-suomi-mainittu\/\" target=\"_blank\" class=\"block px-4 py-2 text-sm text-gray-800 border-b hover:bg-gray-200\" rel=\"nofollow noopener\"><\/p>\n<p>\t\t\t\tTwitter<br \/>\n\t\t\t<\/a><br \/>\n\t\t\t<a href=\"mailto:?subject=Metal Hammer listasi vuoden parhaat black metal -albumit \u2013 Suomi mainittu&amp;body=https:\/\/www.inferno.fi\/uutiset\/metal-hammer-listasi-vuoden-parhaat-black-metal-albumit-suomi-mainittu\/\" target=\"_blank\" class=\"block px-4 py-2 text-sm text-gray-800 border-b hover:bg-gray-200\"><\/p>\n<p>\t\t\t\tS\u00e4hk\u00f6posti<\/a><\/p>\n<p>\t\t\t\t<script async src=\"https:\/\/platform.twitter.com\/widgets.js\" charset=\"utf-8\"><\/script><\/p>\n","protected":false},"excerpt":{"rendered":"Metal Hammer -lehti on julkaissut listan, johon on nostettu kymmenen vuoden parasta albumia black metalin saralla. Joukkoon on&hellip;\n","protected":false},"author":2,"featured_media":116818,"comment_status":"","ping_status":"","sticky":false,"template":"","format":"standard","meta":{"footnotes":""},"categories":[132],"tags":[1877,137,33,31,30,13287,195,47,32,9510,20083,109],"class_list":{"0":"post-125826","1":"post","2":"type-post","3":"status-publish","4":"format-standard","5":"has-post-thumbnail","7":"category-musiikki","8":"tag-black-metal","9":"tag-entertainment","10":"tag-fi","11":"tag-finland","12":"tag-finnish","13":"tag-listat","14":"tag-music","15":"tag-musiikki","16":"tag-suomi","17":"tag-suomi-mainittu","18":"tag-torilla-tavataan","19":"tag-viihde"},"share_on_mastodon":{"url":"https:\/\/pubeurope.com\/@fi\/115782329482852403","error":""},"_links":{"self":[{"href":"https:\/\/www.europesays.com\/fi\/wp-json\/wp\/v2\/posts\/125826","targetHints":{"allow":["GET"]}}],"collection":[{"href":"https:\/\/www.europesays.com\/fi\/wp-json\/wp\/v2\/posts"}],"about":[{"href":"https:\/\/www.europesays.com\/fi\/wp-json\/wp\/v2\/types\/post"}],"author":[{"embeddable":true,"href":"https:\/\/www.europesays.com\/fi\/wp-json\/wp\/v2\/users\/2"}],"replies":[{"embeddable":true,"href":"https:\/\/www.europesays.com\/fi\/wp-json\/wp\/v2\/comments?post=125826"}],"version-history":[{"count":0,"href":"https:\/\/www.europesays.com\/fi\/wp-json\/wp\/v2\/posts\/125826\/revisions"}],"wp:featuredmedia":[{"embeddable":true,"href":"https:\/\/www.europesays.com\/fi\/wp-json\/wp\/v2\/media\/116818"}],"wp:attachment":[{"href":"https:\/\/www.europesays.com\/fi\/wp-json\/wp\/v2\/media?parent=125826"}],"wp:term":[{"taxonomy":"category","embeddable":true,"href":"https:\/\/www.europesays.com\/fi\/wp-json\/wp\/v2\/categories?post=125826"},{"taxonomy":"post_tag","embeddable":true,"href":"https:\/\/www.europesays.com\/fi\/wp-json\/wp\/v2\/tags?post=125826"}],"curies":[{"name":"wp","href":"https:\/\/api.w.org\/{rel}","templated":true}]}}