{"id":125827,"date":"2025-12-25T21:30:09","date_gmt":"2025-12-25T21:30:09","guid":{"rendered":"https:\/\/www.europesays.com\/fi\/125827\/"},"modified":"2025-12-25T21:30:09","modified_gmt":"2025-12-25T21:30:09","slug":"suklaa-konvehtirasian-sisalto-muuttui-ruotsalaishiihtaja-stina-nilsson-shokissa","status":"publish","type":"post","link":"https:\/\/www.europesays.com\/fi\/125827\/","title":{"rendered":"Suklaa: Konvehtirasian sis\u00e4lt\u00f6 muuttui \u2013 ruotsalaishiiht\u00e4j\u00e4 Stina Nilsson shokissa"},"content":{"rendered":"<p>Rasian sis\u00e4lt\u00f6 j\u00e4rkytti.<\/p>\n<p class=\"article-body mb-nof-24 px-nof-16\">Ruotsalainen maastohiiht\u00e4j\u00e4 <a class=\"article-personlink\" href=\"https:\/\/www.is.fi\/haku\/?query=Stina%20Nilsson\" rel=\"nofollow noopener\" target=\"_blank\">Stina Nilsson<\/a> koki j\u00e4rkytyksen avatessaan joulun konvehtirasian.<\/p>\n<p class=\"article-body mb-nof-24 px-nof-16\">Pettymys oli melkoinen, kun suklaarasian kulmat ammottivat tyhjyytt\u00e4\u00e4n.<\/p>\n<p class=\"article-body mb-nof-24 px-nof-16\">\u2013 Se shokki, kun tajuat, ett\u00e4 rasiassa on t\u00e4n\u00e4 vuonna nelj\u00e4 konvehtia v\u00e4hemm\u00e4n, Nilsson kirjoitti <a class=\"underline underline-offset-[0.12em] [text-decoration-thickness:var(--generic-link-underline-thickness)] [text-decoration-color:var(--generic-link-underline-color)] [text-decoration-skip-ink:var(--generic-link-underline-skip-ink)] break-words\" href=\"https:\/\/www.expressen.se\/sport\/langdskidor\/stina-nilssons-julchock-nar-hon-ser-innehallet\/\" rel=\"nofollow noopener\" target=\"_blank\">Expressenin<\/a> mukaan kuvaan konvehdeistaan Instagramin tarinoissa.<\/p>\n<p class=\"article-body mb-nof-24 px-nof-16\">Nilssonin herkku oli oikea ruotsalainen klassikko, Maraboun Paradis-rasia. Syksyll\u00e4 kerrottiin, ett\u00e4 Suomessakin myyt\u00e4vien rasioiden sis\u00e4lt\u00f6 kutistuu puolesta kilosta 410 grammaan.<\/p>\n<p class=\"article-body mb-nof-24 px-nof-16\">Uudistuksen voi huomata pakkausmerkinn\u00f6ist\u00e4, mutta pakkausten ulkomitat eiv\u00e4t ole muuttuneet.<\/p>\n<p class=\"article-body mb-nof-24 px-nof-16\">Ehk\u00e4 siksi Nilsson ei voinut uskoa silmi\u00e4\u00e4n. Toiseen kuvaan h\u00e4n oli viel\u00e4 ympyr\u00f6inyt rasian nelj\u00e4 tyhj\u00e4\u00e4 paikkaa, joissa ei toden totta ollut suklaata.<\/p>\n<p class=\"article-body mb-nof-24 px-nof-16\">\u2013 Shokki ei ole laantunut, Nilsson jatkoi p\u00e4ivittely\u00e4\u00e4n.<\/p>\n<p><img decoding=\"async\" src=\"https:\/\/www.europesays.com\/fi\/wp-content\/uploads\/2025\/12\/1766698209_579_468.jpg\" alt=\"Maraboun Paradis- ja Aladdin-rasia ovat kutistuneet.\" class=\"_Img_1rerz_1\" style=\"aspect-ratio:1.5\" loading=\"eager\"\/><\/p>\n<p class=\"article-picture-caption\">Maraboun Paradis- ja Aladdin-rasia ovat kutistuneet. Kuva:\u00a0Rio Gandara<\/p>\n<p class=\"article-body mb-nof-24 px-nof-16\">Marabou-tuotemerkin omistava Mondelez Finland <a class=\"underline underline-offset-[0.12em] [text-decoration-thickness:var(--generic-link-underline-thickness)] [text-decoration-color:var(--generic-link-underline-color)] [text-decoration-skip-ink:var(--generic-link-underline-skip-ink)] break-words\" href=\"https:\/\/www.is.fi\/ruokala\/ajankohtaista\/art-2000011531258.html\" rel=\"nofollow noopener\" target=\"_blank\">kertoi syksyll\u00e4<\/a> IS:lle, ett\u00e4 pakkauskoon kutistumisen syyn\u00e4 on kaakaon hinta ja tuotantokustannusten nousu.<\/p>\n<p class=\"article-body mb-nof-24 px-nof-16\">Suklaalevyjen koko muuttui jo aiemmin t\u00e4n\u00e4 vuonna, kun sek\u00e4 Maraboun ett\u00e4 Fazerin 200 gramman suklaalevyt keveniv\u00e4t parikymment\u00e4 grammaa.<\/p>\n<p class=\"article-body mb-nof-24 px-nof-16\">Nilsson, 32, on viisinkertainen maastohiihdon olympiamitalisti. H\u00e4n voitti sprinttikultaa Pyeongchangissa 2018 ja saavutti samoissa kisoissa kolme muuta mitalia.<\/p>\n<p class=\"article-body mb-nof-24 px-nof-16\">MM-kisoissa h\u00e4n saavutti yhteens\u00e4 seitsem\u00e4n mitalia, joista kaksi kultaista Seefeldiss\u00e4 2019.<\/p>\n<p class=\"article-body mb-nof-24 px-nof-16\">Nilsson vaihtoi vuosiksi 2020\u201324 lajia ampumahiihtoon, mutta ei saavuttanut mainittavaa menestyst\u00e4. H\u00e4n sijoittui henkil\u00f6kohtaisilla matkoilla kerran maailmancupin pikakilpailussa kolmanneksi Kontiolahdella 2022.<\/p>\n<p class=\"article-body mb-nof-24 px-nof-16\">Kev\u00e4\u00e4ll\u00e4 2024 Nilsson ilmoitti panostavansa taas maastohiihtoon ja erityisesti pitkien matkojen Ski Classics -sarjaan.<\/p>\n","protected":false},"excerpt":{"rendered":"Rasian sis\u00e4lt\u00f6 j\u00e4rkytti. Ruotsalainen maastohiiht\u00e4j\u00e4 Stina Nilsson koki j\u00e4rkytyksen avatessaan joulun konvehtirasian. Pettymys oli melkoinen, kun suklaarasian kulmat&hellip;\n","protected":false},"author":2,"featured_media":125828,"comment_status":"","ping_status":"","sticky":false,"template":"","format":"standard","meta":{"footnotes":""},"categories":[158],"tags":[33,31,30,34,159,32,160],"class_list":{"0":"post-125827","1":"post","2":"type-post","3":"status-publish","4":"format-standard","5":"has-post-thumbnail","7":"category-urheilu","8":"tag-fi","9":"tag-finland","10":"tag-finnish","11":"tag-ilta-sanomat","12":"tag-sports","13":"tag-suomi","14":"tag-urheilu"},"share_on_mastodon":{"url":"https:\/\/pubeurope.com\/@fi\/115782341793499859","error":""},"_links":{"self":[{"href":"https:\/\/www.europesays.com\/fi\/wp-json\/wp\/v2\/posts\/125827","targetHints":{"allow":["GET"]}}],"collection":[{"href":"https:\/\/www.europesays.com\/fi\/wp-json\/wp\/v2\/posts"}],"about":[{"href":"https:\/\/www.europesays.com\/fi\/wp-json\/wp\/v2\/types\/post"}],"author":[{"embeddable":true,"href":"https:\/\/www.europesays.com\/fi\/wp-json\/wp\/v2\/users\/2"}],"replies":[{"embeddable":true,"href":"https:\/\/www.europesays.com\/fi\/wp-json\/wp\/v2\/comments?post=125827"}],"version-history":[{"count":0,"href":"https:\/\/www.europesays.com\/fi\/wp-json\/wp\/v2\/posts\/125827\/revisions"}],"wp:featuredmedia":[{"embeddable":true,"href":"https:\/\/www.europesays.com\/fi\/wp-json\/wp\/v2\/media\/125828"}],"wp:attachment":[{"href":"https:\/\/www.europesays.com\/fi\/wp-json\/wp\/v2\/media?parent=125827"}],"wp:term":[{"taxonomy":"category","embeddable":true,"href":"https:\/\/www.europesays.com\/fi\/wp-json\/wp\/v2\/categories?post=125827"},{"taxonomy":"post_tag","embeddable":true,"href":"https:\/\/www.europesays.com\/fi\/wp-json\/wp\/v2\/tags?post=125827"}],"curies":[{"name":"wp","href":"https:\/\/api.w.org\/{rel}","templated":true}]}}