{"id":125829,"date":"2025-12-25T21:31:09","date_gmt":"2025-12-25T21:31:09","guid":{"rendered":"https:\/\/www.europesays.com\/fi\/125829\/"},"modified":"2025-12-25T21:31:09","modified_gmt":"2025-12-25T21:31:09","slug":"timothee-chalamet-ylistaa-adam-sandleria-olet-vttu-yksi-kaikkien-aikojen-parhaista-nayttelijoista","status":"publish","type":"post","link":"https:\/\/www.europesays.com\/fi\/125829\/","title":{"rendered":"Timoth\u00e9e Chalamet ylist\u00e4\u00e4 Adam Sandleria: &#8221;Olet v*ttu yksi kaikkien aikojen parhaista n\u00e4yttelij\u00f6ist\u00e4&#8221;"},"content":{"rendered":"<p><a href=\"https:\/\/variety.com\/2025\/film\/news\/timothee-chalamet-adam-sandler-jay-kelly-marty-supreme-1236582935\/\" rel=\"nofollow noopener\" target=\"_blank\">Variety<\/a> uutisoi n\u00e4yttelij\u00f6iden keskustelusta. Siin\u00e4 loppuvuoden mahdolliset palkintoehdokkaat <strong>Timoth\u00e9e Chalamet<\/strong> ja <strong>Adam Sandler<\/strong> puhuvat n\u00e4yttelij\u00e4nty\u00f6st\u00e4.<\/p>\n<p>Chalamet n\u00e4hd\u00e4\u00e4n Marty Supremessa, joka saattaa tuoda h\u00e4nelle useita parhaan miesp\u00e4\u00e4osan palkintoehdokkuuksia. Sandler puolestaan voi saada miessivuosan ehdokkuuksia roolistaan elokuvasta Jay Kelly.<\/p>\n<p>Kuten tavallista t\u00e4llaisissa kohtaamisissa, n\u00e4yttelij\u00e4t ylist\u00e4v\u00e4t toisiaan maasta taivaaseen. Chalamet ylist\u00e4\u00e4 Sandlerin roolity\u00f6t\u00e4 erityisesti Punch-Drunk Love \u2013\u00a0rakkauden v\u00e4rit -elokuvassa.<\/p>\n<p>\u201dSe on yksi t\u00e4rkeimmist\u00e4 roolit\u00f6ist\u00e4. Nuorena n\u00e4yttelij\u00e4n\u00e4 tunsin sinut vain komedioista ja kun n\u00e4in sen verraten muihin elokuviisi, ajattelin, ett\u00e4 vau, siin\u00e4p\u00e4 v*tun ihmeellinen n\u00e4yttelij\u00e4. Toivon, ett\u00e4 voisin tehd\u00e4 sellaisen roolity\u00f6n\u201d, Chalamet sanoo.<\/p>\n<p>\u201dTied\u00e4n, ettei t\u00e4t\u00e4 tehd\u00e4 palkintojen vuoksi plaa, plaa, plaa, mutta sinulla it\u00e4isi olla kultainen mies k\u00e4siss\u00e4si, koska olet v*ttu yksi kaikkien aikojen parhaista n\u00e4yttelij\u00f6ist\u00e4.\u201d<\/p>\n<p><a href=\"https:\/\/www.episodi.fi\/uutiset\/golden-globes-2026-ehdokkuudet-ovat-taalla-paul-thomas-andersonin-rankka-poliittinen-draama-rohmusi-isoimman-potin\/\" rel=\"nofollow noopener\" target=\"_blank\">Lue my\u00f6s: Golden Globes 2026 -ehdokkuudet ovat t\u00e4\u00e4ll\u00e4! Paul Thomas Andersonin rankka poliittinen draama rohmusi isoimman potin<\/a><\/p>\n<p>Lue my\u00f6s: <a href=\"https:\/\/www.episodi.fi\/uutiskirje\/?uutiskirjemainos=tekstilinkkimainos\" title=\"Tilaa Episodin uutiskirje ja voit voittaa leffalippuja! Nappaa tv-vinkit suoraan s\u00e4hk\u00f6postiin t\u00e4st\u00e4.\" class=\"underline-custom !font-montserrat !font-bold !underline-offset-4 !decoration-4 !decoration-episodi-blue !text-md\" rel=\"nofollow noopener\" target=\"_blank\">Tilaa Episodin uutiskirje ja voit voittaa leffalippuja! Nappaa katseluvinkit suoraan s\u00e4hk\u00f6postiin t\u00e4st\u00e4.<\/a><\/p>\n","protected":false},"excerpt":{"rendered":"Variety uutisoi n\u00e4yttelij\u00f6iden keskustelusta. Siin\u00e4 loppuvuoden mahdolliset palkintoehdokkaat Timoth\u00e9e Chalamet ja Adam Sandler puhuvat n\u00e4yttelij\u00e4nty\u00f6st\u00e4. Chalamet n\u00e4hd\u00e4\u00e4n Marty&hellip;\n","protected":false},"author":2,"featured_media":43859,"comment_status":"","ping_status":"","sticky":false,"template":"","format":"standard","meta":{"footnotes":""},"categories":[130],"tags":[1782,137,33,31,30,6302,32,3024,109],"class_list":{"0":"post-125829","1":"post","2":"type-post","3":"status-publish","4":"format-standard","5":"has-post-thumbnail","7":"category-viihde","8":"tag-adam-sandler","9":"tag-entertainment","10":"tag-fi","11":"tag-finland","12":"tag-finnish","13":"tag-ignostot","14":"tag-suomi","15":"tag-timothee-chalamet","16":"tag-viihde"},"share_on_mastodon":{"url":"https:\/\/pubeurope.com\/@fi\/115782345327566983","error":""},"_links":{"self":[{"href":"https:\/\/www.europesays.com\/fi\/wp-json\/wp\/v2\/posts\/125829","targetHints":{"allow":["GET"]}}],"collection":[{"href":"https:\/\/www.europesays.com\/fi\/wp-json\/wp\/v2\/posts"}],"about":[{"href":"https:\/\/www.europesays.com\/fi\/wp-json\/wp\/v2\/types\/post"}],"author":[{"embeddable":true,"href":"https:\/\/www.europesays.com\/fi\/wp-json\/wp\/v2\/users\/2"}],"replies":[{"embeddable":true,"href":"https:\/\/www.europesays.com\/fi\/wp-json\/wp\/v2\/comments?post=125829"}],"version-history":[{"count":0,"href":"https:\/\/www.europesays.com\/fi\/wp-json\/wp\/v2\/posts\/125829\/revisions"}],"wp:featuredmedia":[{"embeddable":true,"href":"https:\/\/www.europesays.com\/fi\/wp-json\/wp\/v2\/media\/43859"}],"wp:attachment":[{"href":"https:\/\/www.europesays.com\/fi\/wp-json\/wp\/v2\/media?parent=125829"}],"wp:term":[{"taxonomy":"category","embeddable":true,"href":"https:\/\/www.europesays.com\/fi\/wp-json\/wp\/v2\/categories?post=125829"},{"taxonomy":"post_tag","embeddable":true,"href":"https:\/\/www.europesays.com\/fi\/wp-json\/wp\/v2\/tags?post=125829"}],"curies":[{"name":"wp","href":"https:\/\/api.w.org\/{rel}","templated":true}]}}