{"id":125832,"date":"2025-12-25T21:35:08","date_gmt":"2025-12-25T21:35:08","guid":{"rendered":"https:\/\/www.europesays.com\/fi\/125832\/"},"modified":"2025-12-25T21:35:08","modified_gmt":"2025-12-25T21:35:08","slug":"somalian-mogadishussa-aanestettiin-ensimmaisissa-suorissa-vaaleissa-lahes-60-vuoteen-uutissuomalainen","status":"publish","type":"post","link":"https:\/\/www.europesays.com\/fi\/125832\/","title":{"rendered":"Somalian Mogadishussa \u00e4\u00e4nestettiin ensimm\u00e4isiss\u00e4 suorissa vaaleissa l\u00e4hes 60 vuoteen | Uutissuomalainen"},"content":{"rendered":"<p>Somalian Mogadishussa \u00e4\u00e4nestettiin joulup\u00e4iv\u00e4n\u00e4 ensimm\u00e4isiss\u00e4 suorissa vaaleissa l\u00e4hes 60 vuoteen.<\/p>\n<p>Ihmiset \u00e4\u00e4nestiv\u00e4t Mogadishun alueen paikallisvaaleissa tiukkojen turvatoimien saattelemana. Noin 10\u2009000 turvallisuusjoukkojen j\u00e4sent\u00e4 valvoi vaalien sujumista.<\/p>\n<p>Vaaleja pidettiin testin\u00e4 ennen ensi vuoden presidentinvaaleja Somaliassa, joka on k\u00e4rsinyt vuosikymmeni\u00e4 sotimisesta, jihadistij\u00e4rjest\u00f6 al-Shabaabin terrorismista sek\u00e4 toistuvista luonnonkatastrofeista.<\/p>\n<p>Joidenkin \u00e4\u00e4nestyspaikkojen ulkopuolelle muodostui pitki\u00e4 jonoja, mutta \u00e4\u00e4nestysvilkkaus v\u00e4hentyi merkitt\u00e4v\u00e4sti iltap\u00e4iv\u00e4ll\u00e4, kertoi paikalla ollut uutistoimisto AFP:n toimittaja.<\/p>\n<p>Vaalilautakunnan johtaja Abdikarin Ahmed Hassan sanoi lausunnossaan, ett\u00e4 kaikki \u00e4\u00e4nestyspaikat saatiin suljettua ajoissa ilman v\u00e4likohtauksia.<\/p>\n<p>Hassan sanoi \u00e4\u00e4ntenlaskennan alkavan pian, mutta ei kertonut, milloin \u00e4\u00e4nestystulokset on m\u00e4\u00e4r\u00e4 julkaista.<\/p>\n<p>\t\t\t\tPresidentti iloitsi, oppositio boikotoi<\/p>\n<p>Suoria vaaleja on luotsannut maahan presidentti Hassan Sheikh Mohamud, jonka mielest\u00e4 ne ovat &#8221;Somalian kansan tulevaisuus&#8221;.<\/p>\n<p>\u2013\u2009T\u00e4m\u00e4 on hieno p\u00e4iv\u00e4, sanoi my\u00f6s 37-vuotias Guhad Ali AFP:lle. H\u00e4n n\u00e4ytti sormessaan olevaa mustetahraa, joka todisti \u00e4\u00e4nest\u00e4misest\u00e4.<\/p>\n<p>51-vuotias Ali Salad sanoi jonottaneensa tuntikaupalla p\u00e4\u00e4st\u00e4kseen \u00e4\u00e4nest\u00e4m\u00e4\u00e4n.<\/p>\n<p>Oppositiokoalitio kuitenkin boikotoi vaaleja, ja arvostelijat ovat n\u00e4hneet vaalit keskushallinnon yrityksen\u00e4 keskitt\u00e4\u00e4 valtaa Mogadishussa.<\/p>\n<p>Yleinen \u00e4\u00e4nioikeus lakkautettiin sotilasjohtaja Siad Barren noustua valtaan vuonna 1969. H\u00e4nen diktatuurinsa kaatui vuonna 1991, mink\u00e4 j\u00e4lkeen Somaliaa on johtanut klaaneihin perustuva hauras hallitus.<\/p>\n","protected":false},"excerpt":{"rendered":"Somalian Mogadishussa \u00e4\u00e4nestettiin joulup\u00e4iv\u00e4n\u00e4 ensimm\u00e4isiss\u00e4 suorissa vaaleissa l\u00e4hes 60 vuoteen. Ihmiset \u00e4\u00e4nestiv\u00e4t Mogadishun alueen paikallisvaaleissa tiukkojen turvatoimien saattelemana.&hellip;\n","protected":false},"author":2,"featured_media":125833,"comment_status":"","ping_status":"","sticky":false,"template":"","format":"standard","meta":{"footnotes":""},"categories":[14],"tags":[4356,22,23,26,27,33,31,30,17,2453,24,25,28,29,22416,15,2452,18,21,2746,637,32,19,20,56,16,2196,59,60,61],"class_list":{"0":"post-125832","1":"post","2":"type-post","3":"status-publish","4":"format-standard","5":"has-post-thumbnail","7":"category-ulkomaat","8":"tag-aanestykset","9":"tag-breaking-news","10":"tag-breakingnews","11":"tag-featured-news","12":"tag-featurednews","13":"tag-fi","14":"tag-finland","15":"tag-finnish","16":"tag-headlines","17":"tag-kansalaisaktivismi-ja-jarjestot","18":"tag-latest-news","19":"tag-latestnews","20":"tag-main-news","21":"tag-mainnews","22":"tag-mogadishu","23":"tag-news","24":"tag-osallistuminen-yhteiskunta","25":"tag-otsikot","26":"tag-paauutiset","27":"tag-poliittinen-osallistuminen","28":"tag-politiikka","29":"tag-suomi","30":"tag-top-stories","31":"tag-topstories","32":"tag-ulkomaat","33":"tag-uutiset","34":"tag-vaalit","35":"tag-world","36":"tag-world-news","37":"tag-worldnews"},"share_on_mastodon":{"url":"https:\/\/pubeurope.com\/@fi\/115782361185264653","error":""},"_links":{"self":[{"href":"https:\/\/www.europesays.com\/fi\/wp-json\/wp\/v2\/posts\/125832","targetHints":{"allow":["GET"]}}],"collection":[{"href":"https:\/\/www.europesays.com\/fi\/wp-json\/wp\/v2\/posts"}],"about":[{"href":"https:\/\/www.europesays.com\/fi\/wp-json\/wp\/v2\/types\/post"}],"author":[{"embeddable":true,"href":"https:\/\/www.europesays.com\/fi\/wp-json\/wp\/v2\/users\/2"}],"replies":[{"embeddable":true,"href":"https:\/\/www.europesays.com\/fi\/wp-json\/wp\/v2\/comments?post=125832"}],"version-history":[{"count":0,"href":"https:\/\/www.europesays.com\/fi\/wp-json\/wp\/v2\/posts\/125832\/revisions"}],"wp:featuredmedia":[{"embeddable":true,"href":"https:\/\/www.europesays.com\/fi\/wp-json\/wp\/v2\/media\/125833"}],"wp:attachment":[{"href":"https:\/\/www.europesays.com\/fi\/wp-json\/wp\/v2\/media?parent=125832"}],"wp:term":[{"taxonomy":"category","embeddable":true,"href":"https:\/\/www.europesays.com\/fi\/wp-json\/wp\/v2\/categories?post=125832"},{"taxonomy":"post_tag","embeddable":true,"href":"https:\/\/www.europesays.com\/fi\/wp-json\/wp\/v2\/tags?post=125832"}],"curies":[{"name":"wp","href":"https:\/\/api.w.org\/{rel}","templated":true}]}}