{"id":125834,"date":"2025-12-25T21:36:10","date_gmt":"2025-12-25T21:36:10","guid":{"rendered":"https:\/\/www.europesays.com\/fi\/125834\/"},"modified":"2025-12-25T21:36:10","modified_gmt":"2025-12-25T21:36:10","slug":"mita-omaan-ruumisarkkuun-saa-mukaansa-kirkko-vastaa","status":"publish","type":"post","link":"https:\/\/www.europesays.com\/fi\/125834\/","title":{"rendered":"Mit\u00e4 omaan ruumisarkkuun saa mukaansa? Kirkko vastaa"},"content":{"rendered":"<p>Vainajan mukana arkkuun laitettavista tavaroista ei ole yhten\u00e4ist\u00e4 linjausta.<\/p>\n<p><img decoding=\"async\" class=\"image image-show image-preview\" src=\"https:\/\/www.europesays.com\/fi\/wp-content\/uploads\/2025\/12\/f820a6938e2ddc723e915ad5a0041b0a16e514dadfe30b3ce66ab77a78c1276a.jpg\" alt=\"\"\/><img decoding=\"async\" class=\"image image-show\" src=\"https:\/\/www.europesays.com\/fi\/wp-content\/uploads\/2025\/12\/1766698570_308_f820a6938e2ddc723e915ad5a0041b0a16e514dadfe30b3ce66ab77a78c1276a.jpg\" alt=\"\"\/><\/p>\n<p>Ohjeistukset vaihtelevat hautaustoimistojen v\u00e4lill\u00e4, mutta yleens\u00e4 paperiset valokuvat, lasten piirustukset ja kirjeet saa laittaa vainajan mukana arkkuun.  Mostphotos<\/p>\n<ul>\n<li>Arkkuun laitettaviin esineisiin suhtautuminen vaihtelee suuresti.<\/li>\n<li>Etel\u00e4-Pohjanmaan ohjeistuksessa kiellet\u00e4\u00e4n muun muassa keng\u00e4t ja soittimet.<\/li>\n<li>My\u00f6s nostolakanoiden j\u00e4\u00e4minen arkkuun aiheuttaa n\u00e4rk\u00e4styst\u00e4. <\/li>\n<\/ul>\n<p class=\"paragraph\">Suomessa ei ole yhteisi\u00e4 s\u00e4\u00e4nt\u00f6j\u00e4 siit\u00e4, mit\u00e4 hauta-arkkuun saa laittaa ja mit\u00e4 ei.<\/p>\n<p class=\"paragraph\">Joidenkin hautaustoimistojen mukaan viimeiselle matkalle on aivan tavallista pakata mukaan muistoesineit\u00e4, mutta Suomen evankelis-luterilaisen kirkon maank\u00e4ytt\u00f6p\u00e4\u00e4llikk\u00f6 <strong>Harri Palo<\/strong> toivoo tiukempaa linjaa.<\/p>\n<p>Ei omaa peittoa<\/p>\n<p class=\"paragraph\">Hautaustoimistojen liiton nettisivuilla kerrotaan, ett\u00e4 vainajan arkkuun voidaan laittaa muistoesineit\u00e4.<\/p>\n<p class=\"paragraph\">\u2013 Useimmiten omaiset tuovat arkkuun laitettavaksi leikkokukkia, kirjeen, piirustuksen, valokuvan tai villasukat, liiton puheenjohtaja <strong>Sari Koukkari<\/strong> kertoo s\u00e4hk\u00f6postitse.<\/p>\n<p class=\"paragraph\">H\u00e4n toimittaa Iltalehdelle Etel\u00e4-Pohjanmaan alueella k\u00e4ytett\u00e4v\u00e4n ohjeistuksen, jonka mukaan arkkuun laitettavien muistoesineiden tulisi olla tehty maatuvasta materiaalista. Metallia, PVC-muovia, lasia ja keinokuituja ei saa laittaa arkkuihin. Toisaalta ohjeistuksessa sanotaan, ett\u00e4 pienet korut tai pehmolelut ovat kuitenkin sallittuja.<\/p>\n<p class=\"paragraph\">Kielletyiksi esineiksi listataan muun muassa kello ja paristoja sis\u00e4lt\u00e4v\u00e4t laitteet. Nahka-asut, turkit ja keng\u00e4t t\u00e4ytyy j\u00e4tt\u00e4\u00e4 arkun ulkopuolelle. My\u00f6sk\u00e4\u00e4n omaa peittoa ei saa ottaa mukaan hautaan.<\/p>\n<p class=\"paragraph\">Ohjeistus on sama riippumatta siit\u00e4, tuhkataanko vainaja vai haudataanko h\u00e4net maahan.<\/p>\n<p class=\"paragraph\">\u2013 Uskon, ett\u00e4 hyvin samanlaiset asiat ovat my\u00f6s muualla ohjeistuksena, mutta kuten totesin, mit\u00e4\u00e4n yhten\u00e4ist\u00e4 valtakunnallista ohjetta ei ole, joten joitain eroavaisuuksia ohjeissa voi olla, Koukkari muistuttaa.<\/p>\n<p>Etel\u00e4-Pohjanmaan ohjeistus arkkuun sopivista esineist\u00e4<\/p>\n<p class=\"paragraph\"><strong>Sallitut esineet:<\/strong><\/p>\n<ul>\n<li>el\u00e4v\u00e4t kukat<\/li>\n<li>kirje<\/li>\n<li>valokuva<\/li>\n<li>pieni koru, esim. sormus<\/li>\n<li>pieni muistoesine, esim. pehmolelu<\/li>\n<li>omat vaatteet<\/li>\n<li>puusta tai muusta luonnonmateriaalista valmistettu muistoesine<\/li>\n<\/ul>\n<p class=\"paragraph\"><strong>Kielletyt esineet:<\/strong><\/p>\n<ul>\n<li>kello sek\u00e4 muut paristoja sis\u00e4lt\u00e4v\u00e4t esineet<\/li>\n<li>metalliesineet<\/li>\n<li>nesteet<\/li>\n<li>nahka-asut, turkki, keinokuidut<\/li>\n<li>keng\u00e4t<\/li>\n<li>oma peitto<\/li>\n<li>cd-levy<\/li>\n<li>soittimia<\/li>\n<li>tahdistin, kipupumppu, kipustimulaattori tms.<\/li>\n<li>proteesit pois lukien hammasproteesi<\/li>\n<li>lemmikkiel\u00e4int\u00e4 tai sen tuhkaa<\/li>\n<li>muovikukkia tai muuta muovivalmistetta<\/li>\n<\/ul>\n<p class=\"paragraph\">Iltalehden vertailemat hautaustoimistojen ohjeistukset vaihtelevat hieman.<\/p>\n<p>\u201dEi ylim\u00e4\u00e4r\u00e4ist\u00e4\u201d<\/p>\n<p class=\"paragraph\">Evankelis-luterilaisen kirkon Palo toivoo, ettei muistoesineit\u00e4 laitettaisi vainajien arkkuun lainkaan.<\/p>\n<p class=\"paragraph\">\u2013 Yleisohje on, ett\u00e4 arkkuun ei laiteta mit\u00e4\u00e4n, mik\u00e4 ei maadu. Siit\u00e4 on l\u00e4hdett\u00e4v\u00e4, h\u00e4n sanoo.<\/p>\n<p class=\"paragraph\">\u2013 Minun toivomukseni on, ett\u00e4 arkkuun ei laiteta mit\u00e4\u00e4n ylim\u00e4\u00e4r\u00e4ist\u00e4. Ei my\u00f6sk\u00e4\u00e4n koruja.<\/p>\n<p class=\"paragraph\">Syyn\u00e4 ovat ymp\u00e4rist\u00f6huolet. Arkkujen sis\u00e4lt\u00e4m\u00e4 muovi ja metalli on saatu jo minimiin \u2013 vain ruuvit ja kahvojen kiinnikkeet voivat sis\u00e4lt\u00e4\u00e4 pieni\u00e4 m\u00e4\u00e4ri\u00e4 maatumattomia materiaaleja.<\/p>\n<p class=\"paragraph\">Lis\u00e4ksi muovi voi aiheuttaa ongelmia laitteistoille krematorioissa. Palon mukaan muovin ja tuhkan yhdistelm\u00e4 muodostaa laminaattia uunien pinnoille.<\/p>\n<p>Mikkelil\u00e4isen hautaustoimiston mukaan vainajan mukana haudattavat muistoesineet ovat yleisi\u00e4 suomalaisessa kulttuurissa.  Ida Er\u00e4maa<\/p>\n<p>Ongelmalliset lakanat<\/p>\n<p class=\"paragraph\">Kes\u00e4kuussa<strong> <\/strong>terveydensuojelulains\u00e4\u00e4d\u00e4nn\u00f6n kokonaisuudistusta varten antamassaan lausunnossa Suomen evankelis-luterilaisen kirkon kirkkohallitus nosti esiin ep\u00e4kohdan, jonka mukaan terveydenhuollossa k\u00e4ytett\u00e4v\u00e4t nostolakanat j\u00e4tet\u00e4\u00e4n toisinaan arkkuun vainajan alle. N\u00e4m\u00e4 lakanat voivat sis\u00e4lt\u00e4\u00e4 muovia, mik\u00e4 on ristiriidassa muovittoman arkkuk\u00e4yt\u00e4nn\u00f6n kanssa.<\/p>\n<p class=\"paragraph\">\u2013 Mahdollisuutta puuttua t\u00e4h\u00e4n, kuten muidenkin muovimateriaalien k\u00e4ytt\u00f6\u00f6n, tulisi tarkastella asetustasolla tai sen nojalla annettavissa viranomaisohjeissa, lausunnossa sanotaan.<\/p>\n<p class=\"paragraph\">Palo, joka allekirjoitti lausunnon, ei osaa sanoa, onko muovisten nostolakanoiden j\u00e4tt\u00e4minen arkkuun yleist\u00e4. Iltalehden haastatteleman hautaustoimiston ty\u00f6ntekij\u00e4n mukaan nostolakana j\u00e4tet\u00e4\u00e4n toisinaan vainajan alle, jos huolena on, ett\u00e4 ruumiista valuu nesteit\u00e4. Jos on mahdollista, lakana poistetaan ennen hautausta.<\/p>\n<p class=\"paragraph\">Hautaustoimilaki ei kuitenkaan m\u00e4\u00e4rittele, mit\u00e4 arkkuun voi j\u00e4tt\u00e4\u00e4. Sen takia my\u00f6sk\u00e4\u00e4n Hautaustoimistojen liitolla, Terveyden ja hyvinvoinnin laitoksella ja Aluehallintovirastolla ei ole asiaan liittyv\u00e4\u00e4 ohjeistusta.<\/p>\n<p class=\"paragraph\">Asian selkiytt\u00e4miseksi Palo toivoisi arkkuun laitettaviin tavaroihin ja materiaaleihin selke\u00e4\u00e4 linjausta, joka tulisi viranomaisilta.<\/p>\n","protected":false},"excerpt":{"rendered":"Vainajan mukana arkkuun laitettavista tavaroista ei ole yhten\u00e4ist\u00e4 linjausta. Ohjeistukset vaihtelevat hautaustoimistojen v\u00e4lill\u00e4, mutta yleens\u00e4 paperiset valokuvat, lasten&hellip;\n","protected":false},"author":2,"featured_media":125835,"comment_status":"","ping_status":"","sticky":false,"template":"","format":"standard","meta":{"footnotes":""},"categories":[12],"tags":[35,22,23,26,27,33,31,30,17,22418,22419,24,25,28,29,15,18,21,32,19,20,546,22417,10197,16],"class_list":{"0":"post-125834","1":"post","2":"type-post","3":"status-publish","4":"format-standard","5":"has-post-thumbnail","7":"category-suomi","8":"tag-24h","9":"tag-breaking-news","10":"tag-breakingnews","11":"tag-featured-news","12":"tag-featurednews","13":"tag-fi","14":"tag-finland","15":"tag-finnish","16":"tag-headlines","17":"tag-henkilokohtaiset-turvatuotteet","18":"tag-henkilosuojaimet","19":"tag-latest-news","20":"tag-latestnews","21":"tag-main-news","22":"tag-mainnews","23":"tag-news","24":"tag-otsikot","25":"tag-paauutiset","26":"tag-suomi","27":"tag-top-stories","28":"tag-topstories","29":"tag-turvallisuus","30":"tag-tyosuojelu","31":"tag-tyoturvallisuus","32":"tag-uutiset"},"share_on_mastodon":{"url":"https:\/\/pubeurope.com\/@fi\/115782365345036656","error":""},"_links":{"self":[{"href":"https:\/\/www.europesays.com\/fi\/wp-json\/wp\/v2\/posts\/125834","targetHints":{"allow":["GET"]}}],"collection":[{"href":"https:\/\/www.europesays.com\/fi\/wp-json\/wp\/v2\/posts"}],"about":[{"href":"https:\/\/www.europesays.com\/fi\/wp-json\/wp\/v2\/types\/post"}],"author":[{"embeddable":true,"href":"https:\/\/www.europesays.com\/fi\/wp-json\/wp\/v2\/users\/2"}],"replies":[{"embeddable":true,"href":"https:\/\/www.europesays.com\/fi\/wp-json\/wp\/v2\/comments?post=125834"}],"version-history":[{"count":0,"href":"https:\/\/www.europesays.com\/fi\/wp-json\/wp\/v2\/posts\/125834\/revisions"}],"wp:featuredmedia":[{"embeddable":true,"href":"https:\/\/www.europesays.com\/fi\/wp-json\/wp\/v2\/media\/125835"}],"wp:attachment":[{"href":"https:\/\/www.europesays.com\/fi\/wp-json\/wp\/v2\/media?parent=125834"}],"wp:term":[{"taxonomy":"category","embeddable":true,"href":"https:\/\/www.europesays.com\/fi\/wp-json\/wp\/v2\/categories?post=125834"},{"taxonomy":"post_tag","embeddable":true,"href":"https:\/\/www.europesays.com\/fi\/wp-json\/wp\/v2\/tags?post=125834"}],"curies":[{"name":"wp","href":"https:\/\/api.w.org\/{rel}","templated":true}]}}