{"id":125836,"date":"2025-12-25T21:37:10","date_gmt":"2025-12-25T21:37:10","guid":{"rendered":"https:\/\/www.europesays.com\/fi\/125836\/"},"modified":"2025-12-25T21:37:10","modified_gmt":"2025-12-25T21:37:10","slug":"talvimyrsky-saapuu-suomeen-lauantaina-ouluun-jopa-yli-20-metria-sekunnissa-puhaltavia-puuskia","status":"publish","type":"post","link":"https:\/\/www.europesays.com\/fi\/125836\/","title":{"rendered":"Talvimyrsky saapuu Suomeen lauantaina \u2013 Ouluun jopa yli 20 metri\u00e4 sekunnissa puhaltavia puuskia"},"content":{"rendered":"<p>    <img decoding=\"async\" class=\"responsive-image article__image-image lozad\"   src=\"https:\/\/www.europesays.com\/fi\/wp-content\/uploads\/2025\/12\/eAeq9Ym9yh_fvGwlg4gRaJetjtkeayLCgeDyMqMvfZM0qTi1Xz-iApDKm3N81YdlMoUuASND1C86TF_AHb-PwStSaW0o6l5Xly_V.jpeg\" alt=\"-\"\/><\/p>\n<p>\n                Kuva: Jukka-Pekka Moilanen\n              <\/p>\n<p class=\"article__paragraph\">\n      Lauantaina Suomeen ja merialueille saataneen myrskytuulia, ennakoi Ilmatieteen laitos.\n    <\/p>\n<p class=\"article__paragraph\">\n      Varsinkin l\u00e4ntisill\u00e4 ja lounaisilla merialueilla pohjoisen ja luoteen v\u00e4linen tuuli voimistuu myrskylukemiin. Keskituuli voi ylt\u00e4\u00e4 paikoin noin 25 metriin sekunnissa, ja Selk\u00e4meren etel\u00e4osassa aallonkorkeus voi ylitt\u00e4\u00e4 seitsem\u00e4n metri\u00e4.\n    <\/p>\n<p class=\"article__paragraph\">\n      Oulun seudulla rajuimpia puuskia on odotettavissa lauantaina illalla. Ilmatieteen ennusteen mukaan puuskat voivat olla 21 metri\u00e4 sekunnissa.\n    <\/p>\n<p class=\"article__paragraph\">\n      Tuulivaroitus on annettu sek\u00e4 maa- ett\u00e4 merialueille. Lis\u00e4ksi Per\u00e4meren pohjoisosiin on annettu aallokkovaroitus sek\u00e4 varoitus matalasta merivedest\u00e4.\n    <\/p>\n<p class=\"article__paragraph\">\n      Tuuli yltyy lauantaina iltap\u00e4iv\u00e4st\u00e4, ja myrskyn ennustetaan olevan voimakkaimmillaan lauantai-iltana. Maa-alueilla rajuimmat tuulet painottuvat Ahvenanmaalle sek\u00e4 l\u00e4nsi- ja lounaisrannikolle.\n    <\/p>\n<p class=\"article__paragraph\">\n      Tuuli voi maa-alueilla puhaltaa puuskissa jopa 20\u201325 metri\u00e4 sekunnissa sek\u00e4 kaataa puita ja katkoa s\u00e4hk\u00f6j\u00e4. Erityisesti maan l\u00e4nsiosassa maa on lumeton ja routaa ei ole paljon, mik\u00e4 lis\u00e4\u00e4 tuulivahinkojen riski\u00e4.\n    <\/p>\n<p class=\"article__paragraph\">\n      Ajokeli on lauantaina huono l\u00e4hinn\u00e4 Lapin pohjois- ja it\u00e4osassa, miss\u00e4 lunta voi sataa jopa yli 15 senttimetri\u00e4.\n    <\/p>\n","protected":false},"excerpt":{"rendered":"Kuva: Jukka-Pekka Moilanen Lauantaina Suomeen ja merialueille saataneen myrskytuulia, ennakoi Ilmatieteen laitos. Varsinkin l\u00e4ntisill\u00e4 ja lounaisilla merialueilla pohjoisen&hellip;\n","protected":false},"author":2,"featured_media":125837,"comment_status":"","ping_status":"","sticky":false,"template":"","format":"standard","meta":{"footnotes":""},"categories":[5],"tags":[22,23,26,27,33,31,30,17,24,25,28,29,15,18,21,32,19,20,16],"class_list":{"0":"post-125836","1":"post","2":"type-post","3":"status-publish","4":"format-standard","5":"has-post-thumbnail","7":"category-otsikot","8":"tag-breaking-news","9":"tag-breakingnews","10":"tag-featured-news","11":"tag-featurednews","12":"tag-fi","13":"tag-finland","14":"tag-finnish","15":"tag-headlines","16":"tag-latest-news","17":"tag-latestnews","18":"tag-main-news","19":"tag-mainnews","20":"tag-news","21":"tag-otsikot","22":"tag-paauutiset","23":"tag-suomi","24":"tag-top-stories","25":"tag-topstories","26":"tag-uutiset"},"share_on_mastodon":{"url":"https:\/\/pubeurope.com\/@fi\/115782368894724421","error":""},"_links":{"self":[{"href":"https:\/\/www.europesays.com\/fi\/wp-json\/wp\/v2\/posts\/125836","targetHints":{"allow":["GET"]}}],"collection":[{"href":"https:\/\/www.europesays.com\/fi\/wp-json\/wp\/v2\/posts"}],"about":[{"href":"https:\/\/www.europesays.com\/fi\/wp-json\/wp\/v2\/types\/post"}],"author":[{"embeddable":true,"href":"https:\/\/www.europesays.com\/fi\/wp-json\/wp\/v2\/users\/2"}],"replies":[{"embeddable":true,"href":"https:\/\/www.europesays.com\/fi\/wp-json\/wp\/v2\/comments?post=125836"}],"version-history":[{"count":0,"href":"https:\/\/www.europesays.com\/fi\/wp-json\/wp\/v2\/posts\/125836\/revisions"}],"wp:featuredmedia":[{"embeddable":true,"href":"https:\/\/www.europesays.com\/fi\/wp-json\/wp\/v2\/media\/125837"}],"wp:attachment":[{"href":"https:\/\/www.europesays.com\/fi\/wp-json\/wp\/v2\/media?parent=125836"}],"wp:term":[{"taxonomy":"category","embeddable":true,"href":"https:\/\/www.europesays.com\/fi\/wp-json\/wp\/v2\/categories?post=125836"},{"taxonomy":"post_tag","embeddable":true,"href":"https:\/\/www.europesays.com\/fi\/wp-json\/wp\/v2\/tags?post=125836"}],"curies":[{"name":"wp","href":"https:\/\/api.w.org\/{rel}","templated":true}]}}