{"id":125838,"date":"2025-12-25T21:49:06","date_gmt":"2025-12-25T21:49:06","guid":{"rendered":"https:\/\/www.europesays.com\/fi\/125838\/"},"modified":"2025-12-25T21:49:06","modified_gmt":"2025-12-25T21:49:06","slug":"helena-ahti-hallbergin-hienot-kuvat-espanjan-koti-pukeutui-jouluun","status":"publish","type":"post","link":"https:\/\/www.europesays.com\/fi\/125838\/","title":{"rendered":"Helena Ahti-Hallbergin hienot kuvat &#8211; Espanjan-koti pukeutui jouluun"},"content":{"rendered":"<p>Helena Ahti-Hallberg viett\u00e4\u00e4 rakkaudent\u00e4yteist\u00e4 joulua Espanjan-kodissaan Eric-miehens\u00e4 ja l\u00e4heistens\u00e4 kanssa.<\/p>\n<p>Samalla tulee esitellyksi se, miten keskell\u00e4 remonttia oleva Espanjan-koti on pukeutunut juhlavaan asuunsa.<\/p>\n<p>Ja hienoltahan kaikki n\u00e4ytt\u00e4\u00e4, todella hienolta.<\/p>\n<p>Lue my\u00f6s: <a href=\"https:\/\/www.como.fi\/uutiset\/helena-ahti-hallbergin-haaveet-romuksi-tama-paljastui-katon-sisalta\/\" title=\"Helena Ahti-Hallbergin haaveet romuksi \u2013 t\u00e4m\u00e4 paljastui katon sis\u00e4lt\u00e4\" class=\"underline-custom !font-montserrat !font-bold !underline-offset-4 !decoration-4 !decoration-red-600 !text-md\" rel=\"nofollow noopener\" target=\"_blank\">Helena Ahti-Hallbergin haaveet romuksi \u2013 t\u00e4m\u00e4 paljastui katon sis\u00e4lt\u00e4<\/a><\/p>\n<p>Lue my\u00f6s: <a href=\"https:\/\/www.como.fi\/uutiset\/mn-helena-ahti-hallberg-avautui-parisuhdeterapiaan-paatymisesta\/\" title=\"MN: Helena Ahti-Hallberg avautui parisuhdeterapiaan p\u00e4\u00e4tymisest\u00e4\" class=\"underline-custom !font-montserrat !font-bold !underline-offset-4 !decoration-4 !decoration-red-600 !text-md\" rel=\"nofollow noopener\" target=\"_blank\">MN: Helena Ahti-Hallberg avautui parisuhdeterapiaan p\u00e4\u00e4tymisest\u00e4<\/a><\/p>\n<p>Viikko sitten Helena suri sit\u00e4, ettei kattoremontista tule sellaista kuin h\u00e4n haluaisi; h\u00e4n halusi muutaman vanhan hirren n\u00e4kyviin, mutta v\u00e4likaton purkamisen perusteella n\u00e4ytt\u00e4ytyi toisenlainen todellisuus.<\/p>\n<p>Kaikesta huolimatta koti on pukeutunut parhaimpiinsa joulun alla, ja t\u00e4st\u00e4 se viel\u00e4 remontin my\u00f6t\u00e4 paranee.<\/p>\n<p>Katso kuvarulla alta tai <a href=\"https:\/\/www.instagram.com\/p\/DSryl4_CIXm\/\" rel=\"nofollow noopener\" target=\"_blank\">t\u00e4st\u00e4.<\/a><\/p>\n<p>Lue my\u00f6s: <a href=\"https:\/\/www.como.fi\/tilaa-comon-uutiskirje\/\" title=\"Tilaa Comon uutiskirje ja tied\u00e4t mist\u00e4 kahvitauolla puhutaan! Nappaa kotimaan tv-vinkit ja puheenaiheet suoraan s\u00e4hk\u00f6postiin t\u00e4st\u00e4.\" class=\"underline-custom !font-montserrat !font-bold !underline-offset-4 !decoration-4 !decoration-red-600 !text-md\" rel=\"nofollow noopener\" target=\"_blank\">Tilaa Comon uutiskirje ja tied\u00e4t mist\u00e4 kahvitauolla puhutaan! Nappaa kotimaan tv-vinkit ja puheenaiheet suoraan s\u00e4hk\u00f6postiin t\u00e4st\u00e4.<\/a><\/p>\n<p>\t\t\t<script async src=\"\/\/www.instagram.com\/embed.js\"><\/script><\/p>\n","protected":false},"excerpt":{"rendered":"Helena Ahti-Hallberg viett\u00e4\u00e4 rakkaudent\u00e4yteist\u00e4 joulua Espanjan-kodissaan Eric-miehens\u00e4 ja l\u00e4heistens\u00e4 kanssa. Samalla tulee esitellyksi se, miten keskell\u00e4 remonttia oleva&hellip;\n","protected":false},"author":2,"featured_media":125839,"comment_status":"","ping_status":"","sticky":false,"template":"","format":"standard","meta":{"footnotes":""},"categories":[136],"tags":[407,137,33,31,30,4192,408,32,109],"class_list":{"0":"post-125838","1":"post","2":"type-post","3":"status-publish","4":"format-standard","5":"has-post-thumbnail","7":"category-julkkikset","8":"tag-celebrities","9":"tag-entertainment","10":"tag-fi","11":"tag-finland","12":"tag-finnish","13":"tag-helena-ahti-hallberg","14":"tag-julkkikset","15":"tag-suomi","16":"tag-viihde"},"share_on_mastodon":{"url":"https:\/\/pubeurope.com\/@fi\/115782416014460146","error":""},"_links":{"self":[{"href":"https:\/\/www.europesays.com\/fi\/wp-json\/wp\/v2\/posts\/125838","targetHints":{"allow":["GET"]}}],"collection":[{"href":"https:\/\/www.europesays.com\/fi\/wp-json\/wp\/v2\/posts"}],"about":[{"href":"https:\/\/www.europesays.com\/fi\/wp-json\/wp\/v2\/types\/post"}],"author":[{"embeddable":true,"href":"https:\/\/www.europesays.com\/fi\/wp-json\/wp\/v2\/users\/2"}],"replies":[{"embeddable":true,"href":"https:\/\/www.europesays.com\/fi\/wp-json\/wp\/v2\/comments?post=125838"}],"version-history":[{"count":0,"href":"https:\/\/www.europesays.com\/fi\/wp-json\/wp\/v2\/posts\/125838\/revisions"}],"wp:featuredmedia":[{"embeddable":true,"href":"https:\/\/www.europesays.com\/fi\/wp-json\/wp\/v2\/media\/125839"}],"wp:attachment":[{"href":"https:\/\/www.europesays.com\/fi\/wp-json\/wp\/v2\/media?parent=125838"}],"wp:term":[{"taxonomy":"category","embeddable":true,"href":"https:\/\/www.europesays.com\/fi\/wp-json\/wp\/v2\/categories?post=125838"},{"taxonomy":"post_tag","embeddable":true,"href":"https:\/\/www.europesays.com\/fi\/wp-json\/wp\/v2\/tags?post=125838"}],"curies":[{"name":"wp","href":"https:\/\/api.w.org\/{rel}","templated":true}]}}