{"id":125844,"date":"2025-12-25T22:01:13","date_gmt":"2025-12-25T22:01:13","guid":{"rendered":"https:\/\/www.europesays.com\/fi\/125844\/"},"modified":"2025-12-25T22:01:13","modified_gmt":"2025-12-25T22:01:13","slug":"kyiv-independent-venaja-jatkoi-iskuja-ukrainaan-myos-joulupaivana-ainakin-kaksi-kuoli-uutissuomalainen","status":"publish","type":"post","link":"https:\/\/www.europesays.com\/fi\/125844\/","title":{"rendered":"Kyiv Independent: Ven\u00e4j\u00e4 jatkoi iskuja Ukrainaan my\u00f6s joulup\u00e4iv\u00e4n\u00e4, ainakin kaksi kuoli | Uutissuomalainen"},"content":{"rendered":"<p>Ven\u00e4j\u00e4 jatkoi iskuja Ukrainaan my\u00f6s joulup\u00e4iv\u00e4n\u00e4, kertoi <a href=\"https:\/\/kyivindependent.com\/russia-attacks-kherson-market-chernihiv-residential-building-causing-numerous-civilian-casualties-on-christmas-day\/\" rel=\"nofollow noopener\" target=\"_blank\">Kyiv Independent<\/a>.<\/p>\n<p>Ukrainalaismedian mukaan yksi iskuista tehtiin keskip\u00e4iv\u00e4ll\u00e4 torille Hersonissa ja toinen asuinrakennukseen Tshernihiviss\u00e4. Ainakin kaksi ihmist\u00e4 kuoli iskuissa, ja Tshernihiviss\u00e4 my\u00f6s kymmenkunta ihmist\u00e4 haavoittui.<\/p>\n<p>Toinen joulup\u00e4iv\u00e4n kuolonuhreista oli 47-vuotias ty\u00f6ntekij\u00e4 Hersonin torilla. Toinen oli 80-vuotias nainen, joka kuoli iskussa tshernihivil\u00e4iseen kerrostaloon.<\/p>\n<p>Ven\u00e4j\u00e4 teki useita iskuja eri puolille Ukrainaa my\u00f6s jouluaattona ja surmasi ainakin nelj\u00e4 ihmist\u00e4 sek\u00e4 haavoitti 35:tt\u00e4.<\/p>\n","protected":false},"excerpt":{"rendered":"Ven\u00e4j\u00e4 jatkoi iskuja Ukrainaan my\u00f6s joulup\u00e4iv\u00e4n\u00e4, kertoi Kyiv Independent. Ukrainalaismedian mukaan yksi iskuista tehtiin keskip\u00e4iv\u00e4ll\u00e4 torille Hersonissa ja&hellip;\n","protected":false},"author":2,"featured_media":125845,"comment_status":"","ping_status":"","sticky":false,"template":"","format":"standard","meta":{"footnotes":""},"categories":[14],"tags":[36,542,22,23,26,27,33,31,30,17,543,24,25,28,29,15,18,21,103,32,19,20,21377,56,16,59,60,61],"class_list":{"0":"post-125844","1":"post","2":"type-post","3":"status-publish","4":"format-standard","5":"has-post-thumbnail","7":"category-ulkomaat","8":"tag-asuintalot-ja-asunnot","9":"tag-asuminen","10":"tag-breaking-news","11":"tag-breakingnews","12":"tag-featured-news","13":"tag-featurednews","14":"tag-fi","15":"tag-finland","16":"tag-finnish","17":"tag-headlines","18":"tag-koti-ja-asuminen","19":"tag-latest-news","20":"tag-latestnews","21":"tag-main-news","22":"tag-mainnews","23":"tag-news","24":"tag-otsikot","25":"tag-paauutiset","26":"tag-sosiaalikysymykset","27":"tag-suomi","28":"tag-top-stories","29":"tag-topstories","30":"tag-ukrainan-kriisi","31":"tag-ulkomaat","32":"tag-uutiset","33":"tag-world","34":"tag-world-news","35":"tag-worldnews"},"share_on_mastodon":{"url":"https:\/\/pubeurope.com\/@fi\/115782463322573887","error":""},"_links":{"self":[{"href":"https:\/\/www.europesays.com\/fi\/wp-json\/wp\/v2\/posts\/125844","targetHints":{"allow":["GET"]}}],"collection":[{"href":"https:\/\/www.europesays.com\/fi\/wp-json\/wp\/v2\/posts"}],"about":[{"href":"https:\/\/www.europesays.com\/fi\/wp-json\/wp\/v2\/types\/post"}],"author":[{"embeddable":true,"href":"https:\/\/www.europesays.com\/fi\/wp-json\/wp\/v2\/users\/2"}],"replies":[{"embeddable":true,"href":"https:\/\/www.europesays.com\/fi\/wp-json\/wp\/v2\/comments?post=125844"}],"version-history":[{"count":0,"href":"https:\/\/www.europesays.com\/fi\/wp-json\/wp\/v2\/posts\/125844\/revisions"}],"wp:featuredmedia":[{"embeddable":true,"href":"https:\/\/www.europesays.com\/fi\/wp-json\/wp\/v2\/media\/125845"}],"wp:attachment":[{"href":"https:\/\/www.europesays.com\/fi\/wp-json\/wp\/v2\/media?parent=125844"}],"wp:term":[{"taxonomy":"category","embeddable":true,"href":"https:\/\/www.europesays.com\/fi\/wp-json\/wp\/v2\/categories?post=125844"},{"taxonomy":"post_tag","embeddable":true,"href":"https:\/\/www.europesays.com\/fi\/wp-json\/wp\/v2\/tags?post=125844"}],"curies":[{"name":"wp","href":"https:\/\/api.w.org\/{rel}","templated":true}]}}