{"id":125846,"date":"2025-12-25T22:02:15","date_gmt":"2025-12-25T22:02:15","guid":{"rendered":"https:\/\/www.europesays.com\/fi\/125846\/"},"modified":"2025-12-25T22:02:15","modified_gmt":"2025-12-25T22:02:15","slug":"alpakka-aantelee-kuin-vinkulelu-jos-susi-tulee-lahelle-nain-lajin-yhteiselo-sujuu-poron-kanssa-lapissa-koti","status":"publish","type":"post","link":"https:\/\/www.europesays.com\/fi\/125846\/","title":{"rendered":"Alpakka \u00e4\u00e4ntelee kuin vinkulelu, jos susi tulee l\u00e4helle \u2013 n\u00e4in lajin yhteiselo sujuu poron kanssa Lapissa &#8211; Koti"},"content":{"rendered":"<p>T\u00e4n\u00e4 kes\u00e4n\u00e4 syntynyt ilopilleri Hippu ihmettelee ensimm\u00e4ist\u00e4 talvea Lapissa.<\/p>\n<p><a class=\"ArticleImage_imageContainer__e0EST\" href=\"https:\/\/www.europesays.com\/fi\/wp-content\/uploads\/2025\/12\/pft-F9n6Cvgq-GW27c3Z2ZgeZao.jpg\"><img decoding=\"async\" src=\"https:\/\/www.europesays.com\/fi\/wp-content\/uploads\/2025\/12\/pft-F9n6Cvgq-GW27c3Z2ZgeZao.jpg\" alt=\"Hippu tykk\u00e4\u00e4 lajitovereidensa tavoin siit\u00e4, kun sit\u00e4 rapsuttaa kaulasta.\" loading=\"lazy\"\/><\/a><\/p>\n<p>Hippu tykk\u00e4\u00e4 lajitovereidensa tavoin siit\u00e4, kun sit\u00e4 rapsuttaa kaulasta.\u00a0Kuva: Henna Satokangas<\/p>\n<p class=\"RichTextParagraph_richTextParagraph__Wxs3t undefined\">Em\u00e4vasa Hippu on ilopilleri, joka tykk\u00e4\u00e4 tutkailla ymp\u00e4rist\u00f6\u00e4\u00e4n. Villa Taigamets\u00e4n alpakkatilalla Lapissa riitt\u00e4\u00e4 monenmoista ihmetelt\u00e4v\u00e4\u00e4. <\/p>\n<p class=\"RichTextParagraph_richTextParagraph__Wxs3t undefined\">\u201dKaikki on sille mielenkiintoista. Hippu on v\u00e4h\u00e4n rohkeampi kuin tilalla t\u00e4h\u00e4n menness\u00e4 syntyneet em\u00e4vasat. Aitaukseen menness\u00e4 t\u00e4m\u00e4 tulee vastaan ja haistelee tulijaa\u201d, kertoo tilan yritt\u00e4j\u00e4 <strong id=\"strong-eca1ff0a2f993349bd0967b3caa1af8c\">Henna Satokangas<\/strong>.<\/p>\n<p class=\"RichTextParagraph_richTextParagraph__Wxs3t undefined\">Tila sijaitsee Rovaniemen ja Ranuan l\u00e4heisyydess\u00e4 ja on yksi Suomen pohjoisimmista alpakkatiloista. Kymmenen huacaya-rotuisen alpakan tila on keskittynyt alpakanjalostukseen, vierailuihin ja alpakanvillatuotteisiin.<\/p>\n<p class=\"RichTextParagraph_richTextParagraph__Wxs3t undefined\">\u201dKun satoi ensimm\u00e4ist\u00e4 kertaa lunta, Hippu haisteli nen\u00e4\u00e4ns\u00e4 tulleita lumihiutaleita ja ihmetteli, mit\u00e4s t\u00e4m\u00e4 oikein on.\u201d<\/p>\n<p><a class=\"ArticleImage_imageContainer__e0EST\" href=\"https:\/\/www.europesays.com\/fi\/wp-content\/uploads\/2025\/12\/3Qt-zoCcUYb4MpBvikhch1V-KYY.jpg\"><img decoding=\"async\" src=\"https:\/\/www.europesays.com\/fi\/wp-content\/uploads\/2025\/12\/3Qt-zoCcUYb4MpBvikhch1V-KYY.jpg\" alt=\"Koivunoksat maistuvat Hipulle.\" loading=\"lazy\"\/><\/a><\/p>\n<p>Koivunoksat maistuvat Hipulle.\u00a0Kuva: Henna Satokangas<\/p>\n<p class=\"RichTextParagraph_richTextParagraph__Wxs3t undefined\">Joskus pihalle ilmestyy poroja. <\/p>\n<p class=\"RichTextParagraph_richTextParagraph__Wxs3t undefined\">\u201dHippu l\u00e4hinn\u00e4 katselee ihmetellen, mit\u00e4s nuo tyypit ovat. Meid\u00e4n pihassamme ei ole k\u00e4ynyt petoja, kuten karhuja. Jos k\u00e4visi, alpakat varoittaisivat laumaansa vinkuvalla \u00e4\u00e4nell\u00e4. Silloin ne kuulostavat kuin vinkulelulta.\u201d<\/p>\n<p class=\"RichTextParagraph_richTextParagraph__Wxs3t undefined\">1,5 metrinen aita suojaa laumaa pedoilta, mutta se voisi olla korkeampi.<\/p>\n<p class=\"RichTextParagraph_richTextParagraph__Wxs3t undefined\">Kovien pakkasten aikaan alpakat viihtyv\u00e4t Satokankaan mukaan sis\u00e4tiloissa. Jos pakkanen paukkuu 30:ss\u00e4 tai 35 asteessa, silloinkin joku alpakka saattaa puuhastella ulkona.<\/p>\n<p class=\"RichTextParagraph_richTextParagraph__Wxs3t undefined\">\u201dJos pakkanen on alle 25 astetta, voi alpakat joutua sulkemaan etenkin y\u00f6ksi sis\u00e4tiloihin, jotta ne eiv\u00e4t saa paleltumisvammoja. Varsinkin jalkoihin tulee herk\u00e4sti paleltumisia, jos ne eiv\u00e4t hoksaa liikkua pakkasella.\u201d<\/p>\n<p class=\"RichTextParagraph_richTextParagraph__Wxs3t undefined\">Tilan alpakoilla on l\u00e4mmitetty ja eristetty tallirakennus, jossa on patterit. Kylmyytt\u00e4 ehk\u00e4isee esimerkiksi oviverhot.<\/p>\n<p><a class=\"ArticleImage_imageContainer__e0EST\" href=\"https:\/\/www.europesays.com\/fi\/wp-content\/uploads\/2025\/12\/CcXKERFk7zaFC8qzApwy-YbnseA.jpg\"><img decoding=\"async\" src=\"https:\/\/www.europesays.com\/fi\/wp-content\/uploads\/2025\/12\/CcXKERFk7zaFC8qzApwy-YbnseA.jpg\" alt=\"Ensimm\u00e4inen lumisade sai Hipun ihmettelem\u00e4\u00e4n.\" loading=\"lazy\"\/><\/a><\/p>\n<p>Ensimm\u00e4inen lumisade sai Hipun ihmettelem\u00e4\u00e4n.\u00a0Kuva: Henna Satokangas<\/p>\n<p class=\"RichTextParagraph_richTextParagraph__Wxs3t undefined\">10. hein\u00e4kuuta 2025 syntynyt Hippu tykk\u00e4\u00e4 lumessa kierimisest\u00e4. Omistajan mukaan se saattaa kieri\u00e4 maassa pari minuuttia kerrallaan ja innostuu v\u00e4lill\u00e4 painimaan lumessa orhivasojen kanssa. Lumi saa niiden turkin m\u00e4r\u00e4ksi. <\/p>\n<p class=\"RichTextParagraph_richTextParagraph__Wxs3t undefined\">Aikuiset alpakat ovat sen verran mukavuudenhaluisia, etteiv\u00e4t ne juurikaan kieri lumessa.<\/p>\n<p class=\"RichTextParagraph_richTextParagraph__Wxs3t undefined\">\u201dAlpakat nauttivat lumesta mutta maltillisessa m\u00e4\u00e4rin. Hippu esimerkiksi saattaa haistella ja maistella vaikka lumipalloa tai lumikolaa.\u201d<\/p>\n<p class=\"RichTextParagraph_richTextParagraph__Wxs3t undefined\">Ruoka on el\u00e4imen suurin motivaattori. Talvella suurinta herkkua ovat kuusenoksat ja kerput. Hein\u00e4\u00e4 alpakoilla on saatavilla jatkuvasti, ja lis\u00e4ksi ne saavat kerran p\u00e4iv\u00e4ss\u00e4 v\u00e4kirehua ja vitamiinit.<\/p>\n<p class=\"RichTextParagraph_richTextParagraph__Wxs3t undefined\">\u201dJos kuusenoksille sataa lunta, vasat huomaavat, ett\u00e4 oksat ovat tulleet lumen painosta alemmaksi. Ne alkavat pomppia hassusti ja yritt\u00e4v\u00e4t sy\u00f6d\u00e4 havuja.\u201d<\/p>\n<p class=\"Blockquote_text___ueE4\">\u201dAlpakat nauttivat lumesta mutta maltillisessa m\u00e4\u00e4rin.\u201d<\/p>\n<p><a class=\"ArticleImage_imageContainer__e0EST\" href=\"https:\/\/www.europesays.com\/fi\/wp-content\/uploads\/2025\/12\/u6hC77rYuRiM0B30R2jzj9T_xR0.jpg\"><img decoding=\"async\" src=\"https:\/\/www.europesays.com\/fi\/wp-content\/uploads\/2025\/12\/u6hC77rYuRiM0B30R2jzj9T_xR0.jpg\" alt=\"5 kuukauden ik\u00e4inen em\u00e4vasa Hippu tykk\u00e4\u00e4 nuuhkia kaikenlaista.\" loading=\"lazy\"\/><\/a><\/p>\n<p>5 kuukauden ik\u00e4inen em\u00e4vasa Hippu tykk\u00e4\u00e4 nuuhkia kaikenlaista.\u00a0Kuva: Henna Satokangas<\/p>\n<p class=\"RichTextParagraph_richTextParagraph__Wxs3t undefined\">Vuodesta 2019 alpakkayritt\u00e4j\u00e4n\u00e4 toiminut Satokangas kertoo, ett\u00e4 emien ja orhien v\u00e4lill\u00e4 on eroja niin aikuisissa kuin vasoissa.<\/p>\n<p class=\"RichTextParagraph_richTextParagraph__Wxs3t undefined\">\u201dOrhit ovat sellaisia \u2019nyt menn\u00e4\u00e4n\u2019 -tyyppej\u00e4. Niit\u00e4 voi vied\u00e4 mets\u00e4k\u00e4velyille ja tapahtumiin. Em\u00e4t viihtyv\u00e4t parhaiten tarhassa, mutta tykk\u00e4\u00e4v\u00e4t orheja enemm\u00e4n rapsutuksesta. Tarhassa em\u00e4t ovat sosiaalisempia kuin orhit.\u201d<\/p>\n<p class=\"RichTextParagraph_richTextParagraph__Wxs3t undefined\">Hippu on hiljainen vasa, kuten alpakat yleens\u00e4kin. Joskus ne juttelevat toisilleen, mik\u00e4 kuulostaa hymin\u00e4lt\u00e4. Esimerkiksi kerint\u00e4tilanteessa ne saattavat hymist\u00e4 ik\u00e4\u00e4n kuin viesti\u00e4kseen, ett\u00e4 nyt tapahtuu jotain erilaista.<\/p>\n<p class=\"RichTextParagraph_richTextParagraph__Wxs3t undefined\">\u201dJotkut yhdist\u00e4v\u00e4t hymin\u00e4n siihen, ett\u00e4 alpakka on tyytyv\u00e4inen. Yleens\u00e4 alpakka pyrkii viestim\u00e4\u00e4n jotain hymin\u00e4ll\u00e4. Joskus Hippu hymisee silloin, kun tulen k\u00e4ym\u00e4\u00e4n tarhassa.\u201d<\/p>\n","protected":false},"excerpt":{"rendered":"T\u00e4n\u00e4 kes\u00e4n\u00e4 syntynyt ilopilleri Hippu ihmettelee ensimm\u00e4ist\u00e4 talvea Lapissa. Hippu tykk\u00e4\u00e4 lajitovereidensa tavoin siit\u00e4, kun sit\u00e4 rapsuttaa kaulasta.\u00a0Kuva:&hellip;\n","protected":false},"author":2,"featured_media":125847,"comment_status":"","ping_status":"","sticky":false,"template":"","format":"standard","meta":{"footnotes":""},"categories":[12],"tags":[22,23,26,27,33,31,30,17,24,25,28,29,15,18,21,32,19,20,16],"class_list":{"0":"post-125846","1":"post","2":"type-post","3":"status-publish","4":"format-standard","5":"has-post-thumbnail","7":"category-suomi","8":"tag-breaking-news","9":"tag-breakingnews","10":"tag-featured-news","11":"tag-featurednews","12":"tag-fi","13":"tag-finland","14":"tag-finnish","15":"tag-headlines","16":"tag-latest-news","17":"tag-latestnews","18":"tag-main-news","19":"tag-mainnews","20":"tag-news","21":"tag-otsikot","22":"tag-paauutiset","23":"tag-suomi","24":"tag-top-stories","25":"tag-topstories","26":"tag-uutiset"},"share_on_mastodon":{"url":"https:\/\/pubeurope.com\/@fi\/115782467519845936","error":""},"_links":{"self":[{"href":"https:\/\/www.europesays.com\/fi\/wp-json\/wp\/v2\/posts\/125846","targetHints":{"allow":["GET"]}}],"collection":[{"href":"https:\/\/www.europesays.com\/fi\/wp-json\/wp\/v2\/posts"}],"about":[{"href":"https:\/\/www.europesays.com\/fi\/wp-json\/wp\/v2\/types\/post"}],"author":[{"embeddable":true,"href":"https:\/\/www.europesays.com\/fi\/wp-json\/wp\/v2\/users\/2"}],"replies":[{"embeddable":true,"href":"https:\/\/www.europesays.com\/fi\/wp-json\/wp\/v2\/comments?post=125846"}],"version-history":[{"count":0,"href":"https:\/\/www.europesays.com\/fi\/wp-json\/wp\/v2\/posts\/125846\/revisions"}],"wp:featuredmedia":[{"embeddable":true,"href":"https:\/\/www.europesays.com\/fi\/wp-json\/wp\/v2\/media\/125847"}],"wp:attachment":[{"href":"https:\/\/www.europesays.com\/fi\/wp-json\/wp\/v2\/media?parent=125846"}],"wp:term":[{"taxonomy":"category","embeddable":true,"href":"https:\/\/www.europesays.com\/fi\/wp-json\/wp\/v2\/categories?post=125846"},{"taxonomy":"post_tag","embeddable":true,"href":"https:\/\/www.europesays.com\/fi\/wp-json\/wp\/v2\/tags?post=125846"}],"curies":[{"name":"wp","href":"https:\/\/api.w.org\/{rel}","templated":true}]}}