{"id":125848,"date":"2025-12-25T22:03:10","date_gmt":"2025-12-25T22:03:10","guid":{"rendered":"https:\/\/www.europesays.com\/fi\/125848\/"},"modified":"2025-12-25T22:03:10","modified_gmt":"2025-12-25T22:03:10","slug":"testaa-suomen-kielen-sanavarastoa-keksitty-vai-oikea-sana","status":"publish","type":"post","link":"https:\/\/www.europesays.com\/fi\/125848\/","title":{"rendered":"Testaa suomen kielen sanavarastoa \u2013 keksitty vai oikea sana?"},"content":{"rendered":"<p>Onko blandata suomea vai ei? Ent\u00e4 olotus? On aika laittaa sanavarastosi todelliseen testiin!<\/p>\n<p>25.12. 18:30<\/p>\n<p class=\"article-body mb-nof-24 px-nof-16\">Me Naiset julkaisee uudelleen kiinnostavimpia juttujaan. T\u00e4m\u00e4 on yksi niist\u00e4.<\/p>\n<p class=\"article-body mb-nof-24 px-nof-16\">Suomen kieli on varsin notkea, ja uusia sanoa voi periaatteessa keksi\u00e4 loputtomiin. Esimerkiksi uusia yhdyssanoja voi luoda arkikieleen olemassa olevista sanoista sukkelasti \u2013 t\u00e4m\u00e4n todistavat vaikkapa sanat <a class=\"underline underline-offset-[0.12em] [text-decoration-thickness:var(--generic-link-underline-thickness)] [text-decoration-color:var(--generic-link-underline-color)] [text-decoration-skip-ink:var(--generic-link-underline-skip-ink)] break-words\" href=\"https:\/\/www.is.fi\/menaiset\/hyva-fiilis\/art-2000011089006.html\" rel=\"nofollow noopener\" target=\"_blank\">\u201dkortisolinaama\u201d<\/a> ja vanha klassikko <a class=\"underline underline-offset-[0.12em] [text-decoration-thickness:var(--generic-link-underline-thickness)] [text-decoration-color:var(--generic-link-underline-color)] [text-decoration-skip-ink:var(--generic-link-underline-skip-ink)] break-words\" href=\"https:\/\/www.iltalehti.fi\/saauutiset\/a\/d7a90bb0-4076-4244-879a-727c5068a9db\" rel=\"nofollow noopener\" target=\"_blank\">\u201dseksihelle\u201d<\/a>.<\/p>\n<p class=\"article-body mb-nof-24 px-nof-16\">Uusi trendisana voikin joskus yleisty\u00e4 arkikieless\u00e4 yll\u00e4tt\u00e4v\u00e4nkin nopeasti, mutta viralliseen sanakirjaan niit\u00e4 lis\u00e4t\u00e4\u00e4n hitaammin ja harkitummin. <a class=\"underline underline-offset-[0.12em] [text-decoration-thickness:var(--generic-link-underline-thickness)] [text-decoration-color:var(--generic-link-underline-color)] [text-decoration-skip-ink:var(--generic-link-underline-skip-ink)] break-words\" href=\"https:\/\/kotus.fi\/sanakirjat\/kielitoimiston-sanakirja\/perustietoa-kielitoimiston-sanakirjasta\/ajantasainen-yleiskielen-sanakirja\/\" rel=\"nofollow noopener\" target=\"_blank\">Kotimaisten kielten keskus (Kotus)<\/a> yll\u00e4pit\u00e4\u00e4 <a class=\"underline underline-offset-[0.12em] [text-decoration-thickness:var(--generic-link-underline-thickness)] [text-decoration-color:var(--generic-link-underline-color)] [text-decoration-skip-ink:var(--generic-link-underline-skip-ink)] break-words\" href=\"https:\/\/www.kielitoimistonsanakirja.fi\/#\/\" rel=\"nofollow noopener\" target=\"_blank\">Kielitoimiston sanakirjaa<\/a>, johon on koottu suomen kielen vakiintuneet ja keskeiset sanat.<\/p>\n<p class=\"article-body mb-nof-24 px-nof-16\">Joskus t\u00e4ysin keksitytkin sanat voivat kuulostaa yll\u00e4tt\u00e4v\u00e4n oikeilta suomen kielen sanoilta. Ker\u00e4simmekin t\u00e4h\u00e4n visaan mielenkiintoisia sanoja, jotka ovat joko l\u00f6ytyv\u00e4t <a class=\"underline underline-offset-[0.12em] [text-decoration-thickness:var(--generic-link-underline-thickness)] [text-decoration-color:var(--generic-link-underline-color)] [text-decoration-skip-ink:var(--generic-link-underline-skip-ink)] break-words\" href=\"https:\/\/www.kielitoimistonsanakirja.fi\/#\/\" rel=\"nofollow noopener\" target=\"_blank\">sanakirjasta <\/a>tai ovat suoraan hatusta temmattuja \u2013 sinun teht\u00e4v\u00e4ksesi j\u00e4\u00e4 tunnistaa, kummasta on milloinkin kyse.<\/p>\n<p class=\"article-body mb-nof-24 px-nof-16\">Nyt selvitet\u00e4\u00e4n, kuinka perin pohjin tunnet suomen kielen!<\/p>\n<p class=\"article-body mb-nof-24 px-nof-16\">Jos testi ei n\u00e4y yll\u00e4, p\u00e4\u00e4set tekem\u00e4\u00e4n sen <a class=\"underline underline-offset-[0.12em] [text-decoration-thickness:var(--generic-link-underline-thickness)] [text-decoration-color:var(--generic-link-underline-color)] [text-decoration-skip-ink:var(--generic-link-underline-skip-ink)] break-words\" href=\"https:\/\/www.riddle.com\/view\/513856\" rel=\"nofollow noopener\" target=\"_blank\">t\u00e4st\u00e4<\/a>.<\/p>\n<p class=\"article-body nof-ui-body-medium mb-nof-24 px-nof-16\">Juttu on julkaistu aiemmin Me Naisissa toukokuussa 2025.<\/p>\n","protected":false},"excerpt":{"rendered":"Onko blandata suomea vai ei? Ent\u00e4 olotus? On aika laittaa sanavarastosi todelliseen testiin! 25.12. 18:30 Me Naiset julkaisee&hellip;\n","protected":false},"author":2,"featured_media":125849,"comment_status":"","ping_status":"","sticky":false,"template":"","format":"standard","meta":{"footnotes":""},"categories":[5],"tags":[22,23,26,27,33,31,30,17,34,24,25,28,29,15,18,21,32,19,20,16],"class_list":{"0":"post-125848","1":"post","2":"type-post","3":"status-publish","4":"format-standard","5":"has-post-thumbnail","7":"category-otsikot","8":"tag-breaking-news","9":"tag-breakingnews","10":"tag-featured-news","11":"tag-featurednews","12":"tag-fi","13":"tag-finland","14":"tag-finnish","15":"tag-headlines","16":"tag-ilta-sanomat","17":"tag-latest-news","18":"tag-latestnews","19":"tag-main-news","20":"tag-mainnews","21":"tag-news","22":"tag-otsikot","23":"tag-paauutiset","24":"tag-suomi","25":"tag-top-stories","26":"tag-topstories","27":"tag-uutiset"},"share_on_mastodon":{"url":"https:\/\/pubeurope.com\/@fi\/115782471049439198","error":""},"_links":{"self":[{"href":"https:\/\/www.europesays.com\/fi\/wp-json\/wp\/v2\/posts\/125848","targetHints":{"allow":["GET"]}}],"collection":[{"href":"https:\/\/www.europesays.com\/fi\/wp-json\/wp\/v2\/posts"}],"about":[{"href":"https:\/\/www.europesays.com\/fi\/wp-json\/wp\/v2\/types\/post"}],"author":[{"embeddable":true,"href":"https:\/\/www.europesays.com\/fi\/wp-json\/wp\/v2\/users\/2"}],"replies":[{"embeddable":true,"href":"https:\/\/www.europesays.com\/fi\/wp-json\/wp\/v2\/comments?post=125848"}],"version-history":[{"count":0,"href":"https:\/\/www.europesays.com\/fi\/wp-json\/wp\/v2\/posts\/125848\/revisions"}],"wp:featuredmedia":[{"embeddable":true,"href":"https:\/\/www.europesays.com\/fi\/wp-json\/wp\/v2\/media\/125849"}],"wp:attachment":[{"href":"https:\/\/www.europesays.com\/fi\/wp-json\/wp\/v2\/media?parent=125848"}],"wp:term":[{"taxonomy":"category","embeddable":true,"href":"https:\/\/www.europesays.com\/fi\/wp-json\/wp\/v2\/categories?post=125848"},{"taxonomy":"post_tag","embeddable":true,"href":"https:\/\/www.europesays.com\/fi\/wp-json\/wp\/v2\/tags?post=125848"}],"curies":[{"name":"wp","href":"https:\/\/api.w.org\/{rel}","templated":true}]}}