{"id":125856,"date":"2025-12-25T22:27:08","date_gmt":"2025-12-25T22:27:08","guid":{"rendered":"https:\/\/www.europesays.com\/fi\/125856\/"},"modified":"2025-12-25T22:27:08","modified_gmt":"2025-12-25T22:27:08","slug":"michelle-obama-pukeutui-yllattavaan-asuun-fanit-innostuivat-en-kesta","status":"publish","type":"post","link":"https:\/\/www.europesays.com\/fi\/125856\/","title":{"rendered":"Michelle Obama pukeutui yll\u00e4tt\u00e4v\u00e4\u00e4n asuun \u2013 Fanit innostuivat: \u201dEn kest\u00e4\u201d"},"content":{"rendered":"<p>Yhdysvaltain entinen presidenttipari julkaisi yhteiskuvan sosiaalisessa mediassa.<\/p>\n<p><img decoding=\"async\" class=\"image image-show image-preview\" src=\"https:\/\/www.europesays.com\/fi\/wp-content\/uploads\/2025\/12\/ebcb44ceafbd64917b391ea0eddef179e2d0df3909214136e386ee3098c75837.jpg\" alt=\"\"\/><img decoding=\"async\" class=\"image image-show\" src=\"https:\/\/www.europesays.com\/fi\/wp-content\/uploads\/2025\/12\/1766701628_727_ebcb44ceafbd64917b391ea0eddef179e2d0df3909214136e386ee3098c75837.jpg\" alt=\"\"\/><\/p>\n<p>Michelle Obamalla on Instagramissa yli 57,6 miljoonaa seuraajaa. ZumaWire \/ MVPHOTOS<\/p>\n<p class=\"paragraph\">Yhdysvaltain entinen presidentti <a href=\"https:\/\/www.iltalehti.fi\/henkilot\/Barack Obama\" class=\"article-link-person-page\" rel=\"nofollow noopener\" target=\"_blank\">Barack Obama<\/a> ja h\u00e4nen puolisonsa <a href=\"https:\/\/www.iltalehti.fi\/henkilot\/Michelle Obama\" class=\"article-link-person-page\" rel=\"nofollow noopener\" target=\"_blank\">Michelle Obama<\/a> julkaisivat yhteiskuvan.<\/p>\n<p class=\"paragraph\">Kumpikin toivottaa seuraajilleen sosiaalisessa mediassa hyv\u00e4\u00e4 joulua.<\/p>\n<p class=\"paragraph\">Moni Michelle Obaman Instagram-seuraaja on kiinnitt\u00e4nyt huomiota h\u00e4nen asuunsa, jota osa pit\u00e4\u00e4 selv\u00e4sti yll\u00e4tt\u00e4v\u00e4n\u00e4.<\/p>\n<p class=\"paragraph\">Entinen ensimm\u00e4inen nainen on pukeutunut kuvassa mustaan mekkoon, jossa on pitsi\u00e4. Pitsin alta kuultaa valkoisia yksityiskohtia. Lis\u00e4ksi h\u00e4nell\u00e4 on musta poolokauluksinen bolero.<\/p>\n<p class=\"paragraph\">Jos alla oleva upotus ei n\u00e4y, voit katsoa sen <a href=\"https:\/\/www.instagram.com\/p\/DSsUJ8RkZ07\/\" target=\"_blank\" rel=\"noopener nofollow\">painamalla t\u00e4st\u00e4<\/a>.<\/p>\n<p class=\"paragraph\">Valtaosa kommentoijista toivottaa Obamille hyv\u00e4\u00e4 joulua.<\/p>\n<p class=\"paragraph\">Kommenteissa, joissa kiinnitet\u00e4\u00e4n huomiota johonkin kuvan yksityiskohtaan, mainitaan useimmiten Michelle Obaman asu. Siit\u00e4 kirjoitetaan esimerkiksi n\u00e4in:<\/p>\n<p class=\"paragraph\">\u2013 Tuo mekko on kuuma.<\/p>\n<p class=\"paragraph\">\u2013 Michelle, en kest\u00e4!<\/p>\n<p class=\"paragraph\">\u2013 Tied\u00e4tk\u00f6 mit\u00e4, Michelle? Kyll\u00e4 hitossa!<\/p>\n<p class=\"paragraph\">\u2013 En pelleile: kun selailin somea, luulin katsovani [laulaja] <a href=\"https:\/\/www.iltalehti.fi\/henkilot\/Beyonc\u00e9\" class=\"article-link-person-page\" rel=\"nofollow noopener\" target=\"_blank\">Beyonc\u00e9a<\/a>.<\/p>\n<p class=\"paragraph\">Michelle Obaman someseuraajat n\u00e4ytt\u00e4v\u00e4t pit\u00e4v\u00e4n my\u00f6s h\u00e4nen miehens\u00e4 asusta. Barack Obama on pukenut ylleen mustan poolopaidan ja housut sek\u00e4 khakinv\u00e4risen takin.<\/p>\n<p><script async src=\"\/\/www.instagram.com\/embed.js\"><\/script><\/p>\n","protected":false},"excerpt":{"rendered":"Yhdysvaltain entinen presidenttipari julkaisi yhteiskuvan sosiaalisessa mediassa. Michelle Obamalla on Instagramissa yli 57,6 miljoonaa seuraajaa. ZumaWire \/ MVPHOTOS&hellip;\n","protected":false},"author":2,"featured_media":125857,"comment_status":"","ping_status":"","sticky":false,"template":"","format":"standard","meta":{"footnotes":""},"categories":[14],"tags":[35,22,23,26,27,33,31,30,17,24,25,28,29,15,18,21,142,144,886,32,19,20,56,16,638,59,60,61,143],"class_list":{"0":"post-125856","1":"post","2":"type-post","3":"status-publish","4":"format-standard","5":"has-post-thumbnail","7":"category-ulkomaat","8":"tag-24h","9":"tag-breaking-news","10":"tag-breakingnews","11":"tag-featured-news","12":"tag-featurednews","13":"tag-fi","14":"tag-finland","15":"tag-finnish","16":"tag-headlines","17":"tag-latest-news","18":"tag-latestnews","19":"tag-main-news","20":"tag-mainnews","21":"tag-news","22":"tag-otsikot","23":"tag-paauutiset","24":"tag-poliitikot","25":"tag-presidentti","26":"tag-puolueet","27":"tag-suomi","28":"tag-top-stories","29":"tag-topstories","30":"tag-ulkomaat","31":"tag-uutiset","32":"tag-valtiovalta","33":"tag-world","34":"tag-world-news","35":"tag-worldnews","36":"tag-yhdysvaltain-politiikka"},"share_on_mastodon":{"url":"https:\/\/pubeurope.com\/@fi\/115782565827222165","error":""},"_links":{"self":[{"href":"https:\/\/www.europesays.com\/fi\/wp-json\/wp\/v2\/posts\/125856","targetHints":{"allow":["GET"]}}],"collection":[{"href":"https:\/\/www.europesays.com\/fi\/wp-json\/wp\/v2\/posts"}],"about":[{"href":"https:\/\/www.europesays.com\/fi\/wp-json\/wp\/v2\/types\/post"}],"author":[{"embeddable":true,"href":"https:\/\/www.europesays.com\/fi\/wp-json\/wp\/v2\/users\/2"}],"replies":[{"embeddable":true,"href":"https:\/\/www.europesays.com\/fi\/wp-json\/wp\/v2\/comments?post=125856"}],"version-history":[{"count":0,"href":"https:\/\/www.europesays.com\/fi\/wp-json\/wp\/v2\/posts\/125856\/revisions"}],"wp:featuredmedia":[{"embeddable":true,"href":"https:\/\/www.europesays.com\/fi\/wp-json\/wp\/v2\/media\/125857"}],"wp:attachment":[{"href":"https:\/\/www.europesays.com\/fi\/wp-json\/wp\/v2\/media?parent=125856"}],"wp:term":[{"taxonomy":"category","embeddable":true,"href":"https:\/\/www.europesays.com\/fi\/wp-json\/wp\/v2\/categories?post=125856"},{"taxonomy":"post_tag","embeddable":true,"href":"https:\/\/www.europesays.com\/fi\/wp-json\/wp\/v2\/tags?post=125856"}],"curies":[{"name":"wp","href":"https:\/\/api.w.org\/{rel}","templated":true}]}}