{"id":125860,"date":"2025-12-25T22:29:09","date_gmt":"2025-12-25T22:29:09","guid":{"rendered":"https:\/\/www.europesays.com\/fi\/125860\/"},"modified":"2025-12-25T22:29:09","modified_gmt":"2025-12-25T22:29:09","slug":"viisi-kuoli-helikopterin-syoksyttya-maahan-tansaniassa-uutisia-lyhyesti","status":"publish","type":"post","link":"https:\/\/www.europesays.com\/fi\/125860\/","title":{"rendered":"Viisi kuoli helikopterin sy\u00f6ksytty\u00e4 maahan Tansaniassa | Uutisia lyhyesti"},"content":{"rendered":"<p class=\"aw-1gybjub aw-1p7kakr kEtdKx cEmitX yle__article__paragraph\">Viisi ihmist\u00e4 on kuollut helikopterin maahansy\u00f6ksyss\u00e4 Kilimanjarolla Tansaniassa keskiviikkona. Kuolleiden joukossa on kaksi t\u0161ekkil\u00e4ist\u00e4 turistia, kertovat Tansanian viranomaiset.<\/p>\n<p class=\"aw-1gybjub aw-1p7kakr kEtdKx cEmitX yle__article__paragraph\">Onnettomuus sattui noin 4\u00a0700 metrin korkeudessa vuorenrinteell\u00e4. Kukaan ei selvinnyt maahansy\u00f6ksyst\u00e4.<\/p>\n<p class=\"aw-1gybjub aw-1p7kakr kEtdKx cEmitX yle__article__paragraph\">Turman syyt\u00e4 ei tiedet\u00e4.<\/p>\n<p class=\"aw-1gybjub aw-1p7kakr kEtdKx cEmitX yle__article__paragraph\">Euroopan unioni laittoi kes\u00e4kuussa kaikki tansanialaiset ilmakuljetusyhti\u00f6t riskilistalle. EU:n mukaan p\u00e4tev\u00e4st\u00e4 lentohenkil\u00f6st\u00f6st\u00e4 on pulaa, valvonnassa on puutteita ja kansainv\u00e4lisi\u00e4 turvallisuusstandardeja laiminly\u00f6d\u00e4\u00e4n.<\/p>\n<p class=\"aw-1gybjub aw-1p7kakr kEtdKx cEmitX yle__article__paragraph\">L\u00e4hde: AFP<\/p>\n","protected":false},"excerpt":{"rendered":"Viisi ihmist\u00e4 on kuollut helikopterin maahansy\u00f6ksyss\u00e4 Kilimanjarolla Tansaniassa keskiviikkona. Kuolleiden joukossa on kaksi t\u0161ekkil\u00e4ist\u00e4 turistia, kertovat Tansanian viranomaiset.&hellip;\n","protected":false},"author":2,"featured_media":74,"comment_status":"","ping_status":"","sticky":false,"template":"","format":"standard","meta":{"footnotes":""},"categories":[5],"tags":[22,23,26,27,33,31,30,17,22420,24,25,4709,14961,28,29,15,837,18,21,32,19,20,56,16],"class_list":{"0":"post-125860","1":"post","2":"type-post","3":"status-publish","4":"format-standard","5":"has-post-thumbnail","7":"category-otsikot","8":"tag-breaking-news","9":"tag-breakingnews","10":"tag-featured-news","11":"tag-featurednews","12":"tag-fi","13":"tag-finland","14":"tag-finnish","15":"tag-headlines","16":"tag-helikopterit","17":"tag-latest-news","18":"tag-latestnews","19":"tag-lento-onnettomuudet","20":"tag-lentoturvallisuus","21":"tag-main-news","22":"tag-mainnews","23":"tag-news","24":"tag-onnettomuudet","25":"tag-otsikot","26":"tag-paauutiset","27":"tag-suomi","28":"tag-top-stories","29":"tag-topstories","30":"tag-ulkomaat","31":"tag-uutiset"},"share_on_mastodon":{"url":"https:\/\/pubeurope.com\/@fi\/115782573348309857","error":""},"_links":{"self":[{"href":"https:\/\/www.europesays.com\/fi\/wp-json\/wp\/v2\/posts\/125860","targetHints":{"allow":["GET"]}}],"collection":[{"href":"https:\/\/www.europesays.com\/fi\/wp-json\/wp\/v2\/posts"}],"about":[{"href":"https:\/\/www.europesays.com\/fi\/wp-json\/wp\/v2\/types\/post"}],"author":[{"embeddable":true,"href":"https:\/\/www.europesays.com\/fi\/wp-json\/wp\/v2\/users\/2"}],"replies":[{"embeddable":true,"href":"https:\/\/www.europesays.com\/fi\/wp-json\/wp\/v2\/comments?post=125860"}],"version-history":[{"count":0,"href":"https:\/\/www.europesays.com\/fi\/wp-json\/wp\/v2\/posts\/125860\/revisions"}],"wp:featuredmedia":[{"embeddable":true,"href":"https:\/\/www.europesays.com\/fi\/wp-json\/wp\/v2\/media\/74"}],"wp:attachment":[{"href":"https:\/\/www.europesays.com\/fi\/wp-json\/wp\/v2\/media?parent=125860"}],"wp:term":[{"taxonomy":"category","embeddable":true,"href":"https:\/\/www.europesays.com\/fi\/wp-json\/wp\/v2\/categories?post=125860"},{"taxonomy":"post_tag","embeddable":true,"href":"https:\/\/www.europesays.com\/fi\/wp-json\/wp\/v2\/tags?post=125860"}],"curies":[{"name":"wp","href":"https:\/\/api.w.org\/{rel}","templated":true}]}}