{"id":125861,"date":"2025-12-25T22:41:16","date_gmt":"2025-12-25T22:41:16","guid":{"rendered":"https:\/\/www.europesays.com\/fi\/125861\/"},"modified":"2025-12-25T22:41:16","modified_gmt":"2025-12-25T22:41:16","slug":"danny-julkaisi-joulukuvan-tata-kuvaa-ei-ole-photoshopattu","status":"publish","type":"post","link":"https:\/\/www.europesays.com\/fi\/125861\/","title":{"rendered":"Danny julkaisi joulukuvan &#8211; t\u00e4t\u00e4 kuvaa ei ole photoshopattu"},"content":{"rendered":"<p>Suomen ainut ja ihkaoikea Danny on hiljentynyt joulun viettoon.<\/p>\n<p>Moni odottaa kuvaa joulupukista poseeraamassa kuusen juurella, mutta me julkaisemme kuvan Dannysta, joka vet\u00e4\u00e4 pitemm\u00e4n korren.<\/p>\n<p>-Hyv\u00e4\u00e4 Joulua ja Onnellista tulevaa vuotta 2026! superartisti toivottaa.<\/p>\n<p>Lue my\u00f6s: <a href=\"https:\/\/www.como.fi\/uutiset\/dannyn-ja-helmin-tuore-keikkavideo-ihmetytti-siis-ihmiset-oikeesti-noin-ilkeita\/\" title=\"Dannyn ja Helmin tuore keikkavideo ihmetytti \u2013 \u201dSiis ihmiset oikeesti noin ilkeit\u00e4\u201d\" class=\"underline-custom !font-montserrat !font-bold !underline-offset-4 !decoration-4 !decoration-red-600 !text-md\" rel=\"nofollow noopener\" target=\"_blank\">Dannyn ja Helmin tuore keikkavideo ihmetytti \u2013 \u201dSiis ihmiset oikeesti noin ilkeit\u00e4\u201d<\/a><\/p>\n<p>Lue my\u00f6s: <a href=\"https:\/\/www.como.fi\/uutiset\/dannyn-pelattiin-jopa-kuolevan-kiertueelleen-talta-han-nayttaa-loppusuoralla\/\" title=\"Dannyn pel\u00e4ttiin jopa kuolevan kiertueelleen \u2013 t\u00e4lt\u00e4 h\u00e4n n\u00e4ytt\u00e4\u00e4 loppusuoralla!\" class=\"underline-custom !font-montserrat !font-bold !underline-offset-4 !decoration-4 !decoration-red-600 !text-md\" rel=\"nofollow noopener\" target=\"_blank\">Dannyn pel\u00e4ttiin jopa kuolevan kiertueelleen \u2013 t\u00e4lt\u00e4 h\u00e4n n\u00e4ytt\u00e4\u00e4 loppusuoralla!<\/a><\/p>\n<p>-Kiitos kaikesta tuesta, jota olen teilt\u00e4 t\u00e4n\u00e4kin vuonna saanut! h\u00e4n kiittelee.<\/p>\n<p>Danny t\u00e4ytt\u00e4\u00e4 seuraavaksi 84 vuotta. Uskoisiko? Ei uskoisi. Kun t\u00e4t\u00e4 photoshoppaamatonta kuvaa katselee, niin ei siit\u00e4k\u00e4\u00e4n uskoisi. <\/p>\n<p>Danny jaksaa ja jaksaa, josta kunnia h\u00e4nelle<\/p>\n<p>Kun Danny l\u00e4hti muutama vuosi sitten juhlakiertueelleen monet, ja h\u00e4n itsekin, ep\u00e4ili, ett\u00e4 j\u00e4\u00e4k\u00f6 h\u00e4n raskaalle turneelle saappaat jalassa. Vaan ei. Sen j\u00e4lkeen on keikkoja heitetty kymmenitt\u00e4in lis\u00e4\u00e4, ellei satam\u00e4\u00e4rin.<\/p>\n<p>Mies matkusti t\u00e4n\u00e4 vuonna my\u00f6s ulkomaille keikkareissuille. N\u00e4in tapahtui lokakuussa. N\u00e4in tapahtui marraskuussa. N\u00e4in tapahtui my\u00f6s joulukuussa.<\/p>\n<p>Lue my\u00f6s: <a href=\"https:\/\/www.como.fi\/uutiset\/danny-ja-spede-ovat-molemmat-tykanneet-nuorista-naisista-mutta-tiesitko-heidan-valirikostaan\/\" title=\"Danny ja Spede ovat molemmat tyk\u00e4nneet nuorista naisista \u2013 mutta tiesitk\u00f6 heid\u00e4n v\u00e4lirikostaan?\" class=\"underline-custom !font-montserrat !font-bold !underline-offset-4 !decoration-4 !decoration-red-600 !text-md\" rel=\"nofollow noopener\" target=\"_blank\">Danny ja Spede ovat molemmat tyk\u00e4nneet nuorista naisista \u2013 mutta tiesitk\u00f6 heid\u00e4n v\u00e4lirikostaan?<\/a><\/p>\n<p>Totta on ett\u00e4 vieriv\u00e4 kivi ei sammaloidu. Se on lihaa ja verta my\u00f6s Dannyn kohdalla.<\/p>\n<p>Danny on Suomen rolling stone.<\/p>\n<p>T\u00e4st\u00e4 tuli nyt jouluinen ylistyslaulu Dannylle, mutta niin pit\u00e4\u00e4kin.<\/p>\n<p>Kuva tyylikk\u00e4\u00e4st\u00e4 Dannysta joulun vietossa alla. Ellei kuva n\u00e4y, <strong><a href=\"https:\/\/www.instagram.com\/p\/DSpDBfxDI6c\/\" rel=\"nofollow noopener\" target=\"_blank\">katso t\u00e4st\u00e4.<\/a><\/strong><\/p>\n<p>Lue my\u00f6s: <a href=\"https:\/\/www.como.fi\/tilaa-comon-uutiskirje\/\" title=\"Tilaa Comon uutiskirje ja tied\u00e4t mist\u00e4 kahvitauolla puhutaan! Nappaa kotimaan tv-vinkit ja puheenaiheet suoraan s\u00e4hk\u00f6postiin t\u00e4st\u00e4.\" class=\"underline-custom !font-montserrat !font-bold !underline-offset-4 !decoration-4 !decoration-red-600 !text-md\" rel=\"nofollow noopener\" target=\"_blank\">Tilaa Comon uutiskirje ja tied\u00e4t mist\u00e4 kahvitauolla puhutaan! Nappaa kotimaan tv-vinkit ja puheenaiheet suoraan s\u00e4hk\u00f6postiin t\u00e4st\u00e4.<\/a><\/p>\n<p>\t\t\t\t<script async src=\"\/\/www.instagram.com\/embed.js\"><\/script><\/p>\n","protected":false},"excerpt":{"rendered":"Suomen ainut ja ihkaoikea Danny on hiljentynyt joulun viettoon. Moni odottaa kuvaa joulupukista poseeraamassa kuusen juurella, mutta me&hellip;\n","protected":false},"author":2,"featured_media":29817,"comment_status":"","ping_status":"","sticky":false,"template":"","format":"standard","meta":{"footnotes":""},"categories":[136],"tags":[407,8967,137,33,31,30,408,32,109],"class_list":{"0":"post-125861","1":"post","2":"type-post","3":"status-publish","4":"format-standard","5":"has-post-thumbnail","7":"category-julkkikset","8":"tag-celebrities","9":"tag-danny","10":"tag-entertainment","11":"tag-fi","12":"tag-finland","13":"tag-finnish","14":"tag-julkkikset","15":"tag-suomi","16":"tag-viihde"},"share_on_mastodon":{"url":"https:\/\/pubeurope.com\/@fi\/115782620502632101","error":""},"_links":{"self":[{"href":"https:\/\/www.europesays.com\/fi\/wp-json\/wp\/v2\/posts\/125861","targetHints":{"allow":["GET"]}}],"collection":[{"href":"https:\/\/www.europesays.com\/fi\/wp-json\/wp\/v2\/posts"}],"about":[{"href":"https:\/\/www.europesays.com\/fi\/wp-json\/wp\/v2\/types\/post"}],"author":[{"embeddable":true,"href":"https:\/\/www.europesays.com\/fi\/wp-json\/wp\/v2\/users\/2"}],"replies":[{"embeddable":true,"href":"https:\/\/www.europesays.com\/fi\/wp-json\/wp\/v2\/comments?post=125861"}],"version-history":[{"count":0,"href":"https:\/\/www.europesays.com\/fi\/wp-json\/wp\/v2\/posts\/125861\/revisions"}],"wp:featuredmedia":[{"embeddable":true,"href":"https:\/\/www.europesays.com\/fi\/wp-json\/wp\/v2\/media\/29817"}],"wp:attachment":[{"href":"https:\/\/www.europesays.com\/fi\/wp-json\/wp\/v2\/media?parent=125861"}],"wp:term":[{"taxonomy":"category","embeddable":true,"href":"https:\/\/www.europesays.com\/fi\/wp-json\/wp\/v2\/categories?post=125861"},{"taxonomy":"post_tag","embeddable":true,"href":"https:\/\/www.europesays.com\/fi\/wp-json\/wp\/v2\/tags?post=125861"}],"curies":[{"name":"wp","href":"https:\/\/api.w.org\/{rel}","templated":true}]}}