{"id":125862,"date":"2025-12-25T22:48:10","date_gmt":"2025-12-25T22:48:10","guid":{"rendered":"https:\/\/www.europesays.com\/fi\/125862\/"},"modified":"2025-12-25T22:48:10","modified_gmt":"2025-12-25T22:48:10","slug":"dorothea-wierer-paatyi-rajuun-ratkaisuun-toisin-kuin-suvi-minkkinen","status":"publish","type":"post","link":"https:\/\/www.europesays.com\/fi\/125862\/","title":{"rendered":"Dorothea Wierer p\u00e4\u00e4tyi rajuun ratkaisuun \u2013 toisin kuin Suvi Minkkinen"},"content":{"rendered":"<p>Ampumahiihdon maailmancup on joulutauolla. Kisat jatkuvat seuraavaksi vasta 8.\u201311. tammikuuta Oberhofissa.<\/p>\n<p>Suomen kaikki isot t\u00e4hdet on valittu Oberhofiin. T\u00e4m\u00e4n viikon sunnuntaina Schalken kutsukilpailuun osallistuva <strong>Suvi Minkkinen <\/strong>on mukana my\u00f6s Oberhofissa. <\/p>\n<p>Italiassa on p\u00e4\u00e4dytty erilaisiin valintoihin. Italian hiihtoliitto FISI on julkaissut joukkueen Oberhofin maailmancupiin.<\/p>\n<p>Listalta puuttuu kaksi isoa nime\u00e4. <strong>Lisa Vittozzi<\/strong> ja <strong>Dorothea Wierer<\/strong> ovat p\u00e4\u00e4tt\u00e4neet j\u00e4tt\u00e4\u00e4 v\u00e4liin tuon maailmancupin. <\/p>\n<p>Kummallakaan ei ole suurempia terveymurheita. He haluavat vain valmistautua paremmin olympialaisiin. <\/p>\n<p>\t\t\t\t\t\tLUE MY\u00d6S\t\t\t\t<\/p>\n<p>\u00a0<\/p>\n","protected":false},"excerpt":{"rendered":"Ampumahiihdon maailmancup on joulutauolla. Kisat jatkuvat seuraavaksi vasta 8.\u201311. tammikuuta Oberhofissa. Suomen kaikki isot t\u00e4hdet on valittu Oberhofiin.&hellip;\n","protected":false},"author":2,"featured_media":125863,"comment_status":"","ping_status":"","sticky":false,"template":"","format":"standard","meta":{"footnotes":""},"categories":[158],"tags":[33,31,30,159,32,160],"class_list":{"0":"post-125862","1":"post","2":"type-post","3":"status-publish","4":"format-standard","5":"has-post-thumbnail","7":"category-urheilu","8":"tag-fi","9":"tag-finland","10":"tag-finnish","11":"tag-sports","12":"tag-suomi","13":"tag-urheilu"},"share_on_mastodon":{"url":"https:\/\/pubeurope.com\/@fi\/115782648118896094","error":""},"_links":{"self":[{"href":"https:\/\/www.europesays.com\/fi\/wp-json\/wp\/v2\/posts\/125862","targetHints":{"allow":["GET"]}}],"collection":[{"href":"https:\/\/www.europesays.com\/fi\/wp-json\/wp\/v2\/posts"}],"about":[{"href":"https:\/\/www.europesays.com\/fi\/wp-json\/wp\/v2\/types\/post"}],"author":[{"embeddable":true,"href":"https:\/\/www.europesays.com\/fi\/wp-json\/wp\/v2\/users\/2"}],"replies":[{"embeddable":true,"href":"https:\/\/www.europesays.com\/fi\/wp-json\/wp\/v2\/comments?post=125862"}],"version-history":[{"count":0,"href":"https:\/\/www.europesays.com\/fi\/wp-json\/wp\/v2\/posts\/125862\/revisions"}],"wp:featuredmedia":[{"embeddable":true,"href":"https:\/\/www.europesays.com\/fi\/wp-json\/wp\/v2\/media\/125863"}],"wp:attachment":[{"href":"https:\/\/www.europesays.com\/fi\/wp-json\/wp\/v2\/media?parent=125862"}],"wp:term":[{"taxonomy":"category","embeddable":true,"href":"https:\/\/www.europesays.com\/fi\/wp-json\/wp\/v2\/categories?post=125862"},{"taxonomy":"post_tag","embeddable":true,"href":"https:\/\/www.europesays.com\/fi\/wp-json\/wp\/v2\/tags?post=125862"}],"curies":[{"name":"wp","href":"https:\/\/api.w.org\/{rel}","templated":true}]}}