{"id":125866,"date":"2025-12-25T22:53:08","date_gmt":"2025-12-25T22:53:08","guid":{"rendered":"https:\/\/www.europesays.com\/fi\/125866\/"},"modified":"2025-12-25T22:53:08","modified_gmt":"2025-12-25T22:53:08","slug":"australiassa-rajuja-maastopaloja-joulupaivana-ilta-sanomat","status":"publish","type":"post","link":"https:\/\/www.europesays.com\/fi\/125866\/","title":{"rendered":"Australiassa rajuja maastopaloja joulup\u00e4iv\u00e4n\u00e4 &#8211; Ilta-Sanomat"},"content":{"rendered":"<p>Ihmisi\u00e4 evakuoidaan maastopalon tielt\u00e4.<\/p>\n<p class=\"article-body mb-nof-24 px-nof-16\">Joulun vietto on saanut ik\u00e4v\u00e4n k\u00e4\u00e4nteen L\u00e4nsi-Australiassa, jossa useita ihmisi\u00e4 on jouduttu evakuoimaan rajujen maastopalojen tielt\u00e4. Asiasta uutisoi <a class=\"underline underline-offset-[0.12em] [text-decoration-thickness:var(--generic-link-underline-thickness)] [text-decoration-color:var(--generic-link-underline-color)] [text-decoration-skip-ink:var(--generic-link-underline-skip-ink)] break-words\" href=\"https:\/\/www.abc.net.au\/news\/2025-12-25\/christmas-day-boddington-bushfire-emergency\/106178756\" rel=\"nofollow noopener\" target=\"_blank\">ABC News<\/a>.<\/p>\n<p class=\"article-body mb-nof-24 px-nof-16\">ABC:n mukaan palomiehet pyrkiv\u00e4t parhaillaan sammuttamaan Perthin kaakkoispuolella sijaitsevan Boddingtonin kyl\u00e4n ja kultakaivoksen ymp\u00e4rist\u00f6ss\u00e4 roihuavaa maastopaloa.<\/p>\n<p class=\"article-body mb-nof-24 px-nof-16\">Palo on ollut k\u00e4ynniss\u00e4 jo p\u00e4ivien ajan, mutta viranomaisten mukaan sen koko on jopa nelinkertaistunut joulup\u00e4iv\u00e4n aikana. Palon kerrotaan liikkuvan eritt\u00e4in nopeasti kohti Boddingtonin kyl\u00e4\u00e4, ABC kertoo. Kyl\u00e4ss\u00e4 on noin tuhat asukasta.<\/p>\n<p class=\"article-body mb-nof-24 px-nof-16\">L\u00e4nsi-Australian viranomaisten julkaisemassa <a class=\"underline underline-offset-[0.12em] [text-decoration-thickness:var(--generic-link-underline-thickness)] [text-decoration-color:var(--generic-link-underline-color)] [text-decoration-skip-ink:var(--generic-link-underline-skip-ink)] break-words\" href=\"https:\/\/www.abc.net.au\/emergency\/warning\/AUREMER-658362f16289865685a5b7e5be1f59e3\" rel=\"nofollow noopener\" target=\"_blank\">h\u00e4t\u00e4tiedotteessa<\/a> ihmisi\u00e4 k\u00e4sket\u00e4\u00e4n poistumaan 31\u202f600 hehtaarin kokoiselta alueelta.<\/p>\n<p class=\"article-body mb-nof-24 px-nof-16\">\u2013 Jos reitti on turvallinen, l\u00e4hde nyt turvallisempaan paikkaan, viranomaiset kehottavat.<\/p>\n<p class=\"article-body mb-nof-24 px-nof-16\">Ihmisi\u00e4 pyydet\u00e4\u00e4n siirtym\u00e4\u00e4n it\u00e4\u00e4n kohti Williamsin kyl\u00e4\u00e4, jonne on perustettu tilap\u00e4inen evakuointikeskus.<\/p>\n<p class=\"article-body mb-nof-24 px-nof-16\">\u2013 \u00c4l\u00e4 j\u00e4\u00e4 odottamaan ja katsomaan. Viime hetkell\u00e4 l\u00e4hteminen voi olla hengenvaarallista, h\u00e4t\u00e4tiedotteessa todetaan.<\/p>\n<p class=\"article-body mb-nof-24 px-nof-16\">ABC:n mukaan suurin osa Boddingtonin kultakaivoksen ty\u00f6ntekij\u00f6ist\u00e4 on evakuoitu kaivokselta. Osa on kuitenkin viel\u00e4 kaivoksen alueella, ja palon levi\u00e4misen takia n\u00e4iden ty\u00f6ntekij\u00f6iden on nyt liian my\u00f6h\u00e4ist\u00e4 poistua alueelta, ABC kirjoittaa.<\/p>\n<p class=\"article-body mb-nof-24 px-nof-16\">H\u00e4t\u00e4tiedotteessa annetaan ohjeita my\u00f6s sen varalta, jos palon tielt\u00e4 evakuoituminen ei ole mahdollista. T\u00e4ll\u00f6in ihmisi\u00e4 kehotetaan suojautumaan kotiinsa. H\u00e4t\u00e4tiedotteen s\u00e4vy on synkk\u00e4.<\/p>\n<p class=\"article-body mb-nof-24 px-nof-16\">\u2013 Sinun t\u00e4ytyy suojautua ennen kuin tuli saapuu, sill\u00e4 \u00e4\u00e4rimm\u00e4inen kuumuus tappaa sinut ennen kuin liekit ylt\u00e4v\u00e4t luoksesi.<\/p>\n<p class=\"article-body mb-nof-24 px-nof-16\">Kotiin j\u00e4\u00e4vien tulisi etsi\u00e4 kodistaan huone, jossa on saatavilla juoksevaa vett\u00e4 ja selke\u00e4 poistumisreitti.<\/p>\n<p class=\"article-body mb-nof-24 px-nof-16\">\u2013 Jos et ole kotona, on liian vaarallista palata, viranomaiset painottavat.<\/p>\n<p class=\"article-body mb-nof-24 px-nof-16\">Maastopaloja on k\u00e4ynniss\u00e4 my\u00f6s muualla L\u00e4nsi-Australiassa. Ne ovat aiheuttaneet s\u00e4hk\u00f6katkoja tuhansissa kotitalouksissa.<\/p>\n","protected":false},"excerpt":{"rendered":"Ihmisi\u00e4 evakuoidaan maastopalon tielt\u00e4. Joulun vietto on saanut ik\u00e4v\u00e4n k\u00e4\u00e4nteen L\u00e4nsi-Australiassa, jossa useita ihmisi\u00e4 on jouduttu evakuoimaan rajujen&hellip;\n","protected":false},"author":2,"featured_media":125867,"comment_status":"","ping_status":"","sticky":false,"template":"","format":"standard","meta":{"footnotes":""},"categories":[14],"tags":[22,23,26,27,33,31,30,17,34,24,25,28,29,15,18,21,32,19,20,56,16,59,60,61],"class_list":{"0":"post-125866","1":"post","2":"type-post","3":"status-publish","4":"format-standard","5":"has-post-thumbnail","7":"category-ulkomaat","8":"tag-breaking-news","9":"tag-breakingnews","10":"tag-featured-news","11":"tag-featurednews","12":"tag-fi","13":"tag-finland","14":"tag-finnish","15":"tag-headlines","16":"tag-ilta-sanomat","17":"tag-latest-news","18":"tag-latestnews","19":"tag-main-news","20":"tag-mainnews","21":"tag-news","22":"tag-otsikot","23":"tag-paauutiset","24":"tag-suomi","25":"tag-top-stories","26":"tag-topstories","27":"tag-ulkomaat","28":"tag-uutiset","29":"tag-world","30":"tag-world-news","31":"tag-worldnews"},"share_on_mastodon":{"url":"https:\/\/pubeurope.com\/@fi\/115782667855590572","error":""},"_links":{"self":[{"href":"https:\/\/www.europesays.com\/fi\/wp-json\/wp\/v2\/posts\/125866","targetHints":{"allow":["GET"]}}],"collection":[{"href":"https:\/\/www.europesays.com\/fi\/wp-json\/wp\/v2\/posts"}],"about":[{"href":"https:\/\/www.europesays.com\/fi\/wp-json\/wp\/v2\/types\/post"}],"author":[{"embeddable":true,"href":"https:\/\/www.europesays.com\/fi\/wp-json\/wp\/v2\/users\/2"}],"replies":[{"embeddable":true,"href":"https:\/\/www.europesays.com\/fi\/wp-json\/wp\/v2\/comments?post=125866"}],"version-history":[{"count":0,"href":"https:\/\/www.europesays.com\/fi\/wp-json\/wp\/v2\/posts\/125866\/revisions"}],"wp:featuredmedia":[{"embeddable":true,"href":"https:\/\/www.europesays.com\/fi\/wp-json\/wp\/v2\/media\/125867"}],"wp:attachment":[{"href":"https:\/\/www.europesays.com\/fi\/wp-json\/wp\/v2\/media?parent=125866"}],"wp:term":[{"taxonomy":"category","embeddable":true,"href":"https:\/\/www.europesays.com\/fi\/wp-json\/wp\/v2\/categories?post=125866"},{"taxonomy":"post_tag","embeddable":true,"href":"https:\/\/www.europesays.com\/fi\/wp-json\/wp\/v2\/tags?post=125866"}],"curies":[{"name":"wp","href":"https:\/\/api.w.org\/{rel}","templated":true}]}}