{"id":125868,"date":"2025-12-25T22:54:09","date_gmt":"2025-12-25T22:54:09","guid":{"rendered":"https:\/\/www.europesays.com\/fi\/125868\/"},"modified":"2025-12-25T22:54:09","modified_gmt":"2025-12-25T22:54:09","slug":"aamulehti-kysyi-tampereella-mita-ihmiset-tekevat-kun-on-tylsaa-vastaan-tuli-raipe","status":"publish","type":"post","link":"https:\/\/www.europesays.com\/fi\/125868\/","title":{"rendered":"Aamulehti kysyi Tampereella, mit\u00e4 ihmiset tekev\u00e4t kun on tyls\u00e4\u00e4 \u2013 vastaan tuli Raipe"},"content":{"rendered":"<p>Aamulehti kysyi joulup\u00e4iv\u00e4n\u00e4 Tampereella Sorsapuistossa, mit\u00e4 ihmiset tekev\u00e4t, kun heill\u00e4 on tyls\u00e4\u00e4. Ensimm\u00e4isen\u00e4 vastaan tuli Kemppaisen perhe, joka ei ole hankkinut lapsilleen \u00e4lypuhelimia.<\/p>\n<p class=\"article-body mb-nof-24 px-nof-16\">Aamulehti<\/p>\n<p class=\"article-body mb-nof-24 px-nof-16\">Joulun v\u00e4lip\u00e4ivin\u00e4 moni saattaa kaivata mielek\u00e4st\u00e4 tekemist\u00e4. Aamulehti k\u00e4vi Tampereella Sorsapuistossa tiedustelemassa, mit\u00e4 ihmiset tekev\u00e4t tylsyyden iskiess\u00e4. <\/p>\n<p class=\"article-body mb-nof-24 px-nof-16\"><a class=\"article-personlink\" href=\"https:\/\/www.aamulehti.fi\/haku\/?query=Teemu%20Kemppainen\" rel=\"nofollow noopener\" target=\"_blank\">Teemu Kemppainen<\/a> lopettelee Sorsapuistossa luistelua poikansa <a class=\"article-personlink\" href=\"https:\/\/www.aamulehti.fi\/haku\/?query=Aapelin\" rel=\"nofollow noopener\" target=\"_blank\">Aapelin<\/a>, 8, kanssa.<\/p>\n<p class=\"article-body mb-nof-24 px-nof-16\">Mit\u00e4 voi tehd\u00e4, jos on tyls\u00e4\u00e4?<\/p>\n","protected":false},"excerpt":{"rendered":"Aamulehti kysyi joulup\u00e4iv\u00e4n\u00e4 Tampereella Sorsapuistossa, mit\u00e4 ihmiset tekev\u00e4t, kun heill\u00e4 on tyls\u00e4\u00e4. Ensimm\u00e4isen\u00e4 vastaan tuli Kemppaisen perhe, joka&hellip;\n","protected":false},"author":2,"featured_media":125869,"comment_status":"","ping_status":"","sticky":false,"template":"","format":"standard","meta":{"footnotes":""},"categories":[12],"tags":[157,22,23,26,27,33,31,30,17,24,25,28,29,15,18,21,32,19,20,16],"class_list":{"0":"post-125868","1":"post","2":"type-post","3":"status-publish","4":"format-standard","5":"has-post-thumbnail","7":"category-suomi","8":"tag-aamulehti","9":"tag-breaking-news","10":"tag-breakingnews","11":"tag-featured-news","12":"tag-featurednews","13":"tag-fi","14":"tag-finland","15":"tag-finnish","16":"tag-headlines","17":"tag-latest-news","18":"tag-latestnews","19":"tag-main-news","20":"tag-mainnews","21":"tag-news","22":"tag-otsikot","23":"tag-paauutiset","24":"tag-suomi","25":"tag-top-stories","26":"tag-topstories","27":"tag-uutiset"},"share_on_mastodon":{"url":"https:\/\/pubeurope.com\/@fi\/115782671633534756","error":""},"_links":{"self":[{"href":"https:\/\/www.europesays.com\/fi\/wp-json\/wp\/v2\/posts\/125868","targetHints":{"allow":["GET"]}}],"collection":[{"href":"https:\/\/www.europesays.com\/fi\/wp-json\/wp\/v2\/posts"}],"about":[{"href":"https:\/\/www.europesays.com\/fi\/wp-json\/wp\/v2\/types\/post"}],"author":[{"embeddable":true,"href":"https:\/\/www.europesays.com\/fi\/wp-json\/wp\/v2\/users\/2"}],"replies":[{"embeddable":true,"href":"https:\/\/www.europesays.com\/fi\/wp-json\/wp\/v2\/comments?post=125868"}],"version-history":[{"count":0,"href":"https:\/\/www.europesays.com\/fi\/wp-json\/wp\/v2\/posts\/125868\/revisions"}],"wp:featuredmedia":[{"embeddable":true,"href":"https:\/\/www.europesays.com\/fi\/wp-json\/wp\/v2\/media\/125869"}],"wp:attachment":[{"href":"https:\/\/www.europesays.com\/fi\/wp-json\/wp\/v2\/media?parent=125868"}],"wp:term":[{"taxonomy":"category","embeddable":true,"href":"https:\/\/www.europesays.com\/fi\/wp-json\/wp\/v2\/categories?post=125868"},{"taxonomy":"post_tag","embeddable":true,"href":"https:\/\/www.europesays.com\/fi\/wp-json\/wp\/v2\/tags?post=125868"}],"curies":[{"name":"wp","href":"https:\/\/api.w.org\/{rel}","templated":true}]}}