{"id":12587,"date":"2025-08-21T23:39:09","date_gmt":"2025-08-21T23:39:09","guid":{"rendered":"https:\/\/www.europesays.com\/fi\/12587\/"},"modified":"2025-08-21T23:39:09","modified_gmt":"2025-08-21T23:39:09","slug":"googlen-applen-ja-amazonin-kurssit-putosivat-karun-tutkimustuloksen-myota-puhkeaako-tekoalykupla-talous","status":"publish","type":"post","link":"https:\/\/www.europesays.com\/fi\/12587\/","title":{"rendered":"Googlen, Applen ja Amazonin kurssit putosivat karun tutkimus\u00adtuloksen my\u00f6t\u00e4 \u2013 puhkeaako teko\u00e4lykupla? | Talous"},"content":{"rendered":"<p class=\"sc-jYczwO sc-ciCoXh bUKqJd cIOueB yle__article__paragraph\">Nytk\u00f6 teko\u00e4lykupla puhkesi?<\/p>\n<p class=\"sc-jYczwO sc-ciCoXh bUKqJd cIOueB yle__article__paragraph\">MIT-yliopiston tutkimus t\u00e4ll\u00e4 viikolla kertoi, ett\u00e4 valtaosa yrityksist\u00e4 ei ole onnistunut saamaan mitattavia hy\u00f6tyj\u00e4 generatiiviseen teko\u00e4lyyn tekemist\u00e4\u00e4n sijoituksista.<\/p>\n<p class=\"sc-jYczwO sc-ciCoXh bUKqJd cIOueB yle__article__paragraph\">Osa sijoittajista on jo yli-innostuneita teko\u00e4lyst\u00e4, totesi per\u00e4\u00e4n teko\u00e4lytutkimusyhti\u00f6 OpenAI:n toimitusjohtaja <strong class=\"sc-eEHciv gtNhAX yle__article__strong\">Sam Altman<\/strong> \u2013 ja sai markkinat hermoilemaan entist\u00e4 pahemmin.<\/p>\n<p class=\"sc-jYczwO sc-ciCoXh bUKqJd cIOueB yle__article__paragraph\">Lopulta k\u00e4yt\u00e4nn\u00f6ss\u00e4 kaikkien teko\u00e4lyyn liittyvien yhti\u00f6iden arvo on ollut t\u00e4ll\u00e4 viikolla tuntuvassa laskussa.<\/p>\n<p class=\"sc-jYczwO sc-ciCoXh bUKqJd cIOueB yle__article__paragraph\">Applen ja Amazonin kurssit ovat laskeneet noin kaksi prosenttia, Googlen omistajayhti\u00f6 Alphabetin ja Palantirin kurssit prosentin verran. Kun yhti\u00f6iden arvot lasketaan tuhansissa miljardeissa dollareissa, jo yhden prosentin heilahdukset ovat kalliita.<\/p>\n<p class=\"sc-jYczwO sc-ciCoXh bUKqJd cIOueB yle__article__paragraph\">Markkinoiden kovia reaktioita selitt\u00e4\u00e4 se, ett\u00e4 teko\u00e4lybuumissa ollaan tekemisiss\u00e4 kuplan kanssa, kuten varainhoitaja Evlin p\u00e4\u00e4strategi <strong class=\"sc-eEHciv gtNhAX yle__article__strong\">Valtteri Ahti<\/strong> kuvailee.<\/p>\n<p class=\"sc-jYczwO sc-ciCoXh bUKqJd cIOueB yle__article__paragraph\">\u2013 T\u00e4ss\u00e4 on v\u00e4h\u00e4n kuplan makua, ja osa hinnoista on karannut ehk\u00e4 realiteeteista, eli siin\u00e4 hinnoitellaan kyll\u00e4 eritt\u00e4in paljon kasvua tulevaisuutta ajatellen, Ahti analysoi.<\/p>\n<p class=\"sc-jYczwO sc-ciCoXh bUKqJd cIOueB yle__article__paragraph\">Esimerkiksi teko\u00e4lylaskennassa k\u00e4ytett\u00e4vi\u00e4 prosessoreita valmistavan Nvidian arvo on noussut viidess\u00e4 vuodessa 1\u00a0300 prosenttia.<\/p>\n<p class=\"sc-jYczwO sc-ciCoXh bUKqJd cIOueB yle__article__paragraph\">Ahdin mukaan osakkeiden arvot ovat tasolla, jossa ei ole sijaa pettymyksille. Mutta mahdollinen kupla ei v\u00e4ltt\u00e4m\u00e4tt\u00e4 puhkea r\u00e4j\u00e4ht\u00e4v\u00e4sti.<\/p>\n<p class=\"sc-jYczwO sc-ciCoXh bUKqJd cIOueB yle__article__paragraph\">\u2013 Kaikki jutut p\u00e4\u00e4ttyv\u00e4t aikanaan. Se on markkinoiden luonne, mutta siin\u00e4 voi menn\u00e4 hyvinkin pitk\u00e4\u00e4n, eik\u00e4 dramaattinen innostuksen lopahtaminen ole v\u00e4\u00e4j\u00e4\u00e4m\u00e4t\u00f6nt\u00e4, Ahti muotoilee.<\/p>\n<p>Kuplan poksahdus tuntuisi p\u00f6rssien ulkopuolellakin<\/p>\n<p class=\"sc-jYczwO sc-ciCoXh bUKqJd cIOueB yle__article__paragraph\">Teko\u00e4lybuumissa liikkuu jo niin suuria summia, ett\u00e4 osakkeiden arvonmuutoksilla voi olla vaikutuksia p\u00f6rssisalien ulkopuolellekin.<\/p>\n<p class=\"sc-jYczwO sc-ciCoXh bUKqJd cIOueB yle__article__paragraph\">Valtion rahoitusyhti\u00f6 Finnveran p\u00e4\u00e4ekonomisti <strong class=\"sc-eEHciv gtNhAX yle__article__strong\">Mauri Kotam\u00e4ki<\/strong> n\u00e4kee kauaskantoisia riskej\u00e4, jos AI-kupla alkaa tyhjenty\u00e4 isommin tai pienemmin.<\/p>\n<p class=\"sc-jYczwO sc-ciCoXh bUKqJd cIOueB yle__article__paragraph\">Jos varallisuusarvot hiipuvat ihmiset voivat muuttua varovaisemmiksi ja kuluttaa v\u00e4hemm\u00e4n. My\u00f6s yritysten varoivaisuus voi lis\u00e4\u00e4nty\u00e4 ja investoinnit v\u00e4henty\u00e4.<\/p>\n<p class=\"sc-jYczwO sc-ciCoXh bUKqJd cIOueB yle__article__paragraph\">\u2013 T\u00e4st\u00e4 tulisi suoraa kysynt\u00e4vaikutusta, joka n\u00e4kyy sitten pienemp\u00e4n\u00e4 ty\u00f6llisyyten\u00e4 tai korkeampana ty\u00f6tt\u00f6myyten\u00e4.<\/p>\n<p class=\"sc-jYczwO sc-ciCoXh bUKqJd cIOueB yle__article__paragraph\">Pahimmillaan AI-osakkeiden arvonlasku osuu yhteen esimerkiksi kryptovaluuttojen alam\u00e4en kanssa. Se voisi johtaa jo laajemminkin rahoituskriisiin.<\/p>\n<p class=\"sc-jYczwO sc-ciCoXh bUKqJd cIOueB yle__article__paragraph\">Se vaatisi kuitenkin jo huonoa onnea.<\/p>\n<p>Voittajia on, mutta miss\u00e4?<\/p>\n<p class=\"sc-jYczwO sc-ciCoXh bUKqJd cIOueB yle__article__paragraph\">Markkinoilla on joka tapauksessa k\u00e4ynniss\u00e4 arvausleikki, jossa sijoittajat yritt\u00e4v\u00e4t ennakoida, mik\u00e4 teknoyhti\u00f6 selviytyy kisasta voittajana ja mik\u00e4 ei. T\u00e4ss\u00e4 leikiss\u00e4 my\u00f6s osa sijoittajista voittaa ja osa h\u00e4vi\u00e4\u00e4.<\/p>\n<p class=\"sc-jYczwO sc-ciCoXh bUKqJd cIOueB yle__article__paragraph\">Viimeksi teknokuplan puhjetessa 2000-luvun alussa enemmist\u00f6 h\u00e4visi. Jokin on nyt Valtteri Ahdin mukaan kuitenkin toisin.<\/p>\n<p class=\"sc-jYczwO sc-ciCoXh bUKqJd cIOueB yle__article__paragraph\">\u2013 Verrattuna 2000-luvun teknokuplaan erona on se, ett\u00e4 t\u00e4ll\u00e4 kertaa yritykset ovat paljon paremmassa kunnossa.<\/p>\n<p class=\"sc-jYczwO sc-ciCoXh bUKqJd cIOueB yle__article__paragraph\">Ahti muistuttaa, ett\u00e4 t\u00e4llaisissa murrostilanteissa osa yhti\u00f6ist\u00e4 tulee h\u00e4vi\u00e4m\u00e4\u00e4n kisan. Osa tulee taas kuorimaan mielett\u00f6m\u00e4t voitot.<\/p>\n<p>AI-buumi tuli jo todelliseen maailmaan<\/p>\n<p class=\"sc-jYczwO sc-ciCoXh bUKqJd cIOueB yle__article__paragraph\">Teko\u00e4lybuumi ei ole vain p\u00f6rssi-ilmi\u00f6.<\/p>\n<p class=\"sc-jYczwO sc-ciCoXh bUKqJd cIOueB yle__article__paragraph\">K\u00e4yt\u00e4nn\u00f6ss\u00e4 teko\u00e4ly hyrisee tietokonepalvelimilla juuri niiss\u00e4 datakeskuksissa, joita rakennetaan kaikkialla maailmassa \u2013 my\u00f6s Suomessa.<\/p>\n<p class=\"sc-jYczwO sc-ciCoXh bUKqJd cIOueB yle__article__paragraph\">Mutta ent\u00e4 nyt, kun MIT:n tutkimuksessa yritysjohtajat sanovat, ett\u00e4 eiv\u00e4t ole saaneet vastinetta teko\u00e4lyinvestoinneilleen? Her\u00e4\u00e4 kysymys, aletaanko teko\u00e4lyn tarvitsemien datakeskusten rakentamista jarrutella tai pys\u00e4ytt\u00e4\u00e4.<\/p>\n<p><img decoding=\"async\" alt=\"Datakaappeja riviss\u00e4 Nebius-yhti\u00f6n palvelinsalissa M\u00e4nts\u00e4l\u00e4ss\u00e4.\" src=\"https:\/\/www.europesays.com\/fi\/wp-content\/uploads\/2025\/08\/39-13598206703e0a2c77a8.jpeg\" loading=\"lazy\" class=\"sc-dntSTA iywpZY\"\/><\/p>\n<p>Avaa kuvien katselu<\/p>\n<p>M\u00e4nts\u00e4l\u00e4n datakeskus on keskittynyt teko\u00e4lyn kehitt\u00e4miseen.  Kuva: Esa Syv\u00e4kuru \/ Yle<\/p>\n<p class=\"sc-jYczwO sc-ciCoXh bUKqJd cIOueB yle__article__paragraph\">Finnveran Kotam\u00e4ki muistuttaa, ett\u00e4 Suomessakin n\u00e4hty datakeskusten rakentamisbuumi on ollut suuri ja nopea verrattuna muun teollisuuden investointeihin.<\/p>\n<p class=\"sc-jYczwO sc-ciCoXh bUKqJd cIOueB yle__article__paragraph\">\u2013 Puhutaan kymmenen tai kymmenien miljardien mittaluokasta. Kyll\u00e4h\u00e4n t\u00e4m\u00e4 Suomen kokoiseen maahan on valtavan iso investointibuumi.<\/p>\n<p class=\"sc-jYczwO sc-ciCoXh bUKqJd cIOueB yle__article__paragraph\">Vaikka buumi viilenisi, se ei suoraan tarkoittaisi ongelmia valtiolle. Datakeskuksia rakentavat yhti\u00f6t ovat usein olleet kannattavia ja vakavaraisia yrityksi\u00e4, joiden ei ole tarvinnut anella valtion tukilainoja. Tosin Suomen antamista tuista n\u00e4ille yhti\u00f6ille ei ole kuitenkaan kokonaista kuvaa.<\/p>\n<p class=\"sc-jYczwO sc-ciCoXh bUKqJd cIOueB yle__article__paragraph\">Kotam\u00e4en mukaan Finnveran rahoittamien yritysten sijoituksista osa kuluu AI-sijoituksiin, mutta tarkkaa lukua h\u00e4nk\u00e4\u00e4n ei osaa sanoa. Sen sijaan Business Finland tarjoaa alan yrityksille suoraa rahoitusta. Uusi <a class=\"sc-jDJeIs gotUgl yle__article__link\" href=\"https:\/\/www.businessfinland.fi\/ajankohtaista\/haut\/2024\/generatiivinen-tekoaly-rahoitushaku\" role=\"link\" rel=\"nofollow noopener\" target=\"_blank\">rahoituksen hakukierros<\/a> pienten- ja keskisuurten yritysten teko\u00e4lyhankkeisiin p\u00e4\u00e4ttyi tammikuussa.<\/p>\n<p class=\"sc-jYczwO sc-ciCoXh bUKqJd cIOueB yle__article__paragraph\">K\u00e4yt\u00e4nn\u00f6ss\u00e4 suurin valtion tuki datakeskuksille annetaan veroalen eli halvemman s\u00e4hk\u00f6n muodossa.<\/p>\n<p class=\"sc-jYczwO sc-ciCoXh bUKqJd cIOueB yle__article__paragraph\">\u2013 On syyt\u00e4 mietti\u00e4, onko energiatuki se tekij\u00e4, joka tuo investointeja Suomeen vai ei. Jos vastaus on, ett\u00e4 ne tekij\u00e4t ovat jossain muualla, niin silloin voidaan p\u00e4\u00e4tell\u00e4, ett\u00e4 tuki ei v\u00e4ltt\u00e4m\u00e4tt\u00e4 kohdennu ihan parhaalla mahdollisella tavalla, Kotam\u00e4ki sanoo.<\/p>\n","protected":false},"excerpt":{"rendered":"Nytk\u00f6 teko\u00e4lykupla puhkesi? MIT-yliopiston tutkimus t\u00e4ll\u00e4 viikolla kertoi, ett\u00e4 valtaosa yrityksist\u00e4 ei ole onnistunut saamaan mitattavia hy\u00f6tyj\u00e4 generatiiviseen&hellip;\n","protected":false},"author":2,"featured_media":12588,"comment_status":"","ping_status":"","sticky":false,"template":"","format":"standard","meta":{"footnotes":""},"categories":[5],"tags":[22,23,3465,26,27,33,31,30,17,24,25,28,29,15,18,21,1444,32,78,433,19,20,16,5311],"class_list":{"0":"post-12587","1":"post","2":"type-post","3":"status-publish","4":"format-standard","5":"has-post-thumbnail","7":"category-otsikot","8":"tag-breaking-news","9":"tag-breakingnews","10":"tag-datakeskus","11":"tag-featured-news","12":"tag-featurednews","13":"tag-fi","14":"tag-finland","15":"tag-finnish","16":"tag-headlines","17":"tag-latest-news","18":"tag-latestnews","19":"tag-main-news","20":"tag-mainnews","21":"tag-news","22":"tag-otsikot","23":"tag-paauutiset","24":"tag-sijoittaminen","25":"tag-suomi","26":"tag-talous","27":"tag-tekoaly","28":"tag-top-stories","29":"tag-topstories","30":"tag-uutiset","31":"tag-yritysjohtajat"},"share_on_mastodon":{"url":"","error":""},"_links":{"self":[{"href":"https:\/\/www.europesays.com\/fi\/wp-json\/wp\/v2\/posts\/12587","targetHints":{"allow":["GET"]}}],"collection":[{"href":"https:\/\/www.europesays.com\/fi\/wp-json\/wp\/v2\/posts"}],"about":[{"href":"https:\/\/www.europesays.com\/fi\/wp-json\/wp\/v2\/types\/post"}],"author":[{"embeddable":true,"href":"https:\/\/www.europesays.com\/fi\/wp-json\/wp\/v2\/users\/2"}],"replies":[{"embeddable":true,"href":"https:\/\/www.europesays.com\/fi\/wp-json\/wp\/v2\/comments?post=12587"}],"version-history":[{"count":0,"href":"https:\/\/www.europesays.com\/fi\/wp-json\/wp\/v2\/posts\/12587\/revisions"}],"wp:featuredmedia":[{"embeddable":true,"href":"https:\/\/www.europesays.com\/fi\/wp-json\/wp\/v2\/media\/12588"}],"wp:attachment":[{"href":"https:\/\/www.europesays.com\/fi\/wp-json\/wp\/v2\/media?parent=12587"}],"wp:term":[{"taxonomy":"category","embeddable":true,"href":"https:\/\/www.europesays.com\/fi\/wp-json\/wp\/v2\/categories?post=12587"},{"taxonomy":"post_tag","embeddable":true,"href":"https:\/\/www.europesays.com\/fi\/wp-json\/wp\/v2\/tags?post=12587"}],"curies":[{"name":"wp","href":"https:\/\/api.w.org\/{rel}","templated":true}]}}