{"id":125870,"date":"2025-12-25T22:55:09","date_gmt":"2025-12-25T22:55:09","guid":{"rendered":"https:\/\/www.europesays.com\/fi\/125870\/"},"modified":"2025-12-25T22:55:09","modified_gmt":"2025-12-25T22:55:09","slug":"vauva-loukkaantui-siirtokuntalaisten-hyokkayksessa-kotiin-lansirannalla","status":"publish","type":"post","link":"https:\/\/www.europesays.com\/fi\/125870\/","title":{"rendered":"Vauva loukkaantui siirtokuntalaisten hy\u00f6kk\u00e4yksess\u00e4 kotiin L\u00e4nsirannalla"},"content":{"rendered":"<p>&#13;<br \/>\n        &#13;<br \/>\n&#13;<br \/>\n        &#13;<\/p>\n<p>Israelin viranomaiset ilmoittivat joulup\u00e4iv\u00e4n\u00e4 ottaneensa kiinni viisi israelilaista siirtokuntalaista, joiden ep\u00e4ill\u00e4\u00e4n olleen mukana hy\u00f6kk\u00e4yksess\u00e4 palestiinalaiskotiin miehitetyll\u00e4 L\u00e4nsirannalla.<\/p>\n<p>Hy\u00f6kk\u00e4yksess\u00e4 jouluaattona loukkaantui kahdeksankuinen tytt\u00f6vauva. Palestiinalaisen uutistoimisto Wafan mukaan vauva sai lievi\u00e4 vammoja kasvoihinsa ja p\u00e4\u00e4h\u00e4ns\u00e4.<\/p>\n<p>Wafan mukaan ryhm\u00e4 siirtokuntalaisia kivitti palestiinalaisten koteja ja omaisuutta Sai\u2019rissa, joka sijaitsee Hebronin pohjoispuolella.<\/p>\n<p>Israelin poliisin lausunnon mukaan viisi ep\u00e4ilty\u00e4 on otettu kiinni, koska he ovat v\u00e4itetysti osallistuneet vakaviin v\u00e4kivallantekoihin Sai\u2019rin kyl\u00e4ss\u00e4. Lausunnon mukaan viranomaiset olivat saaneet ilmoituksia kivien heittelemisest\u00e4 palestiinalaiskotiin, jossa loukkaantui tytt\u00f6lapsi.<\/p>\n<p>Hilltop Youth kannattaa \u201dsuoraa toimintaa\u201d<\/p>\n<p>Poliisi antoi ymm\u00e4rt\u00e4\u00e4 uutistoimisto AFP:n mukaan, etteiv\u00e4t teosta ep\u00e4illyt olleet Israelin virallisesti tunnustamia siirtokuntalaisia.<\/p>\n<p>Kansainv\u00e4lisen oikeuden n\u00e4k\u00f6kulmasta kaikki siirtokuntalaiset Israelin miehitt\u00e4m\u00e4ll\u00e4 L\u00e4nsirannalla ovat laittomia.<\/p>\n<p>Radikaaliin Hilltop Youth -liikkeeseen liittyv\u00e4ll\u00e4 Telegram-tilill\u00e4 julkaistiin videomateriaalia, jossa esiteltiin Sai\u2019rissa aiheutettuja vahinkoja. Liikkeen j\u00e4senet kannattavat \u201dsuoraa toimintaa\u201d palestiinalaisia vastaan.<\/p>\n<p>AFP:n mukaan palestiinalaisia kohtaan iskuja tehneet siirtokuntalaiset eiv\u00e4t juuri ole saaneet rangaistuksia hy\u00f6kk\u00e4yksist\u00e4\u00e4n.<\/p>\n<p>        &#13;<br \/>\n&#13;<br \/>\n        &#13;<br \/>\n                        &#13;<br \/>\n            &#13;<br \/>\n&#13;<br \/>\n                                                        &#13;<br \/>\n&#13;<\/p>\n","protected":false},"excerpt":{"rendered":"&#13; &#13; &#13; &#13; Israelin viranomaiset ilmoittivat joulup\u00e4iv\u00e4n\u00e4 ottaneensa kiinni viisi israelilaista siirtokuntalaista, joiden ep\u00e4ill\u00e4\u00e4n olleen mukana hy\u00f6kk\u00e4yksess\u00e4&hellip;\n","protected":false},"author":2,"featured_media":125871,"comment_status":"","ping_status":"","sticky":false,"template":"","format":"standard","meta":{"footnotes":""},"categories":[5],"tags":[22,23,26,27,33,31,30,17,24,25,28,29,15,18,21,32,19,20,16],"class_list":{"0":"post-125870","1":"post","2":"type-post","3":"status-publish","4":"format-standard","5":"has-post-thumbnail","7":"category-otsikot","8":"tag-breaking-news","9":"tag-breakingnews","10":"tag-featured-news","11":"tag-featurednews","12":"tag-fi","13":"tag-finland","14":"tag-finnish","15":"tag-headlines","16":"tag-latest-news","17":"tag-latestnews","18":"tag-main-news","19":"tag-mainnews","20":"tag-news","21":"tag-otsikot","22":"tag-paauutiset","23":"tag-suomi","24":"tag-top-stories","25":"tag-topstories","26":"tag-uutiset"},"share_on_mastodon":{"url":"https:\/\/pubeurope.com\/@fi\/115782675567032001","error":""},"_links":{"self":[{"href":"https:\/\/www.europesays.com\/fi\/wp-json\/wp\/v2\/posts\/125870","targetHints":{"allow":["GET"]}}],"collection":[{"href":"https:\/\/www.europesays.com\/fi\/wp-json\/wp\/v2\/posts"}],"about":[{"href":"https:\/\/www.europesays.com\/fi\/wp-json\/wp\/v2\/types\/post"}],"author":[{"embeddable":true,"href":"https:\/\/www.europesays.com\/fi\/wp-json\/wp\/v2\/users\/2"}],"replies":[{"embeddable":true,"href":"https:\/\/www.europesays.com\/fi\/wp-json\/wp\/v2\/comments?post=125870"}],"version-history":[{"count":0,"href":"https:\/\/www.europesays.com\/fi\/wp-json\/wp\/v2\/posts\/125870\/revisions"}],"wp:featuredmedia":[{"embeddable":true,"href":"https:\/\/www.europesays.com\/fi\/wp-json\/wp\/v2\/media\/125871"}],"wp:attachment":[{"href":"https:\/\/www.europesays.com\/fi\/wp-json\/wp\/v2\/media?parent=125870"}],"wp:term":[{"taxonomy":"category","embeddable":true,"href":"https:\/\/www.europesays.com\/fi\/wp-json\/wp\/v2\/categories?post=125870"},{"taxonomy":"post_tag","embeddable":true,"href":"https:\/\/www.europesays.com\/fi\/wp-json\/wp\/v2\/tags?post=125870"}],"curies":[{"name":"wp","href":"https:\/\/api.w.org\/{rel}","templated":true}]}}