{"id":125873,"date":"2025-12-25T23:15:15","date_gmt":"2025-12-25T23:15:15","guid":{"rendered":"https:\/\/www.europesays.com\/fi\/125873\/"},"modified":"2025-12-25T23:15:15","modified_gmt":"2025-12-25T23:15:15","slug":"mare-jatkolan-uusi-elokuva-sai-ensi-iltansa-mantassa","status":"publish","type":"post","link":"https:\/\/www.europesays.com\/fi\/125873\/","title":{"rendered":"Mare Jatkolan uusi elokuva sai ensi-iltansa M\u00e4nt\u00e4ss\u00e4"},"content":{"rendered":"<p>Mare Jatkola ja Jussi Hilden tekev\u00e4t yhteisty\u00f6t\u00e4 elokuva-alalla sek\u00e4 muussa paikallisessa kulttuuritoiminnassa.<\/p>\n<p>25.12. 19:00<\/p>\n<p class=\"article-body mb-nof-24 px-nof-16\">M\u00e4ntt\u00e4l\u00e4isen ohjaaja-k\u00e4sikirjoittajan <a class=\"article-personlink\" href=\"https:\/\/www.kmvlehti.fi\/haku\/?query=Mare%20Jatkolan\" rel=\"nofollow noopener\" target=\"_blank\">Mare Jatkolan<\/a> uusi elokuva Taparikollinen sai ensi-iltansa M\u00e4nt\u00e4ss\u00e4 Kino S\u00e4teess\u00e4 22. marraskuuta. Elokuvassa avioerosta selvi\u00e4v\u00e4 yksinhuoltajanainen poikansa kanssa yritt\u00e4\u00e4 j\u00e4rjest\u00e4\u00e4 perheens\u00e4 arkea. Kuvioihin astuu pahasti addiktioiden parissa kamppaileva taparikollinen, joka sotkee heid\u00e4n arkensa t\u00e4ysin.<\/p>\n","protected":false},"excerpt":{"rendered":"Mare Jatkola ja Jussi Hilden tekev\u00e4t yhteisty\u00f6t\u00e4 elokuva-alalla sek\u00e4 muussa paikallisessa kulttuuritoiminnassa. 25.12. 19:00 M\u00e4ntt\u00e4l\u00e4isen ohjaaja-k\u00e4sikirjoittajan Mare Jatkolan&hellip;\n","protected":false},"author":2,"featured_media":125874,"comment_status":"","ping_status":"","sticky":false,"template":"","format":"standard","meta":{"footnotes":""},"categories":[130],"tags":[137,33,31,30,801,32,109],"class_list":{"0":"post-125873","1":"post","2":"type-post","3":"status-publish","4":"format-standard","5":"has-post-thumbnail","7":"category-viihde","8":"tag-entertainment","9":"tag-fi","10":"tag-finland","11":"tag-finnish","12":"tag-kmv-lehti","13":"tag-suomi","14":"tag-viihde"},"share_on_mastodon":{"url":"https:\/\/pubeurope.com\/@fi\/115782754181855218","error":""},"_links":{"self":[{"href":"https:\/\/www.europesays.com\/fi\/wp-json\/wp\/v2\/posts\/125873","targetHints":{"allow":["GET"]}}],"collection":[{"href":"https:\/\/www.europesays.com\/fi\/wp-json\/wp\/v2\/posts"}],"about":[{"href":"https:\/\/www.europesays.com\/fi\/wp-json\/wp\/v2\/types\/post"}],"author":[{"embeddable":true,"href":"https:\/\/www.europesays.com\/fi\/wp-json\/wp\/v2\/users\/2"}],"replies":[{"embeddable":true,"href":"https:\/\/www.europesays.com\/fi\/wp-json\/wp\/v2\/comments?post=125873"}],"version-history":[{"count":0,"href":"https:\/\/www.europesays.com\/fi\/wp-json\/wp\/v2\/posts\/125873\/revisions"}],"wp:featuredmedia":[{"embeddable":true,"href":"https:\/\/www.europesays.com\/fi\/wp-json\/wp\/v2\/media\/125874"}],"wp:attachment":[{"href":"https:\/\/www.europesays.com\/fi\/wp-json\/wp\/v2\/media?parent=125873"}],"wp:term":[{"taxonomy":"category","embeddable":true,"href":"https:\/\/www.europesays.com\/fi\/wp-json\/wp\/v2\/categories?post=125873"},{"taxonomy":"post_tag","embeddable":true,"href":"https:\/\/www.europesays.com\/fi\/wp-json\/wp\/v2\/tags?post=125873"}],"curies":[{"name":"wp","href":"https:\/\/api.w.org\/{rel}","templated":true}]}}