{"id":125881,"date":"2025-12-25T23:40:21","date_gmt":"2025-12-25T23:40:21","guid":{"rendered":"https:\/\/www.europesays.com\/fi\/125881\/"},"modified":"2025-12-25T23:40:21","modified_gmt":"2025-12-25T23:40:21","slug":"korisselostajalta-tylyhko-ennuste-lauri-markkaselle","status":"publish","type":"post","link":"https:\/\/www.europesays.com\/fi\/125881\/","title":{"rendered":"Korisselostajalta tylyhk\u00f6 ennuste Lauri Markkaselle"},"content":{"rendered":"<p>NBA:n All Star-ottelussa ei periaatteessa pelata tosissaan, mutta tapahtumaan p\u00e4\u00e4sy on pelaajalle silti merkitt\u00e4v\u00e4 kunnia.<\/p>\n<p><strong>Lauri Markkanen<\/strong> \u00e4\u00e4nestettiin mukaan pari vuotta sitten. My\u00f6s nyt Markkanen lienee l\u00e4hell\u00e4 valintaa formaatissa, jossa mukana on kahdeksan ulkomaalaista pelaajaa ja 16 yhdysvaltalaista pelaajaa. Kummastakin konferenssista, id\u00e4st\u00e4 ja l\u00e4nnest\u00e4 \u00e4\u00e4nestet\u00e4\u00e4n mukaan 12 pelaajaa.<\/p>\n<p>All Star-\u00e4\u00e4nestyksest\u00e4 vastaavat fanit ja media. \u00c4\u00e4nestyksen asetelmia kommentoivat Positiossa-tuotannon Kaunis Peli-ohjelmassa korisasiantuntijat <strong>Markus Moilanen<\/strong> ja <strong>Kristian Palotie<\/strong>.<\/p>\n<p>\u2013 Lauri on siin\u00e4 12 joukossa mun mielest\u00e4ni, arvioi Moilanen.<\/p>\n<p>Korisselostajana meritoitunut Palotie ei ole samaa mielt\u00e4.<\/p>\n<p>\u2013 Niin kovat Suomi-lasit mulla onkin p\u00e4\u00e4ss\u00e4, ja niin hyv\u00e4\u00e4 kautta kuin Lauri Markkanen onkin pelannut, niin mun mielest\u00e4ni Jamal Murray on edell\u00e4 Lauri Markkasta. Mulla j\u00e4\u00e4 Lauri Markkanen ulkopuolelle, h\u00e4n toteaa.<\/p>\n<p>\u2013 Maailman joukkueesta mukana ovat <strong>Shai Gilgeus-Alexander<\/strong>, <strong>Nikola Jokic<\/strong>, <strong>Luka Doncic<\/strong>, <strong>Victor Wembanyama<\/strong>, <strong>Alperen Seng\u00fcn<\/strong>, <strong>Deni Avdija<\/strong>, <strong>Jamal Murray<\/strong>, jatkaa Palotie.<\/p>\n<p>Israelilainen Avdija ei p\u00e4\u00e4se 12 parhaan joukkoon \u00e4\u00e4nestyksess\u00e4 LeBron Jamesin takia. Mutta ottanee paikan NBA-komissaari <strong>Adam Silverin <\/strong>p\u00e4\u00e4t\u00f6ksell\u00e4, kun pit\u00e4\u00e4 valita kahdeksas pelaaja muun maailman joukkueeseen.<\/p>\n<p>\u2013 Koska fanit \u00e4\u00e4nest\u00e4v\u00e4t, j\u00e4\u00e4 Avdija pois ja <strong>LeBron James<\/strong> ottaa h\u00e4nen paikkansa. Luulen, ett\u00e4 Avdija saa enemm\u00e4n \u00e4\u00e4ni\u00e4 kuin Markkanen. Lakers on ollut t\u00e4ll\u00e4 kaudella Utahia isompi tarina.<\/p>\n<p>Markkanen voi saada paikan All Star-tapahtumaan kuitenkin varapaikalta.<\/p>\n<p>\u2013 Jos joku maailman pelaaja ei pysty pelaamaan, luulen, ett\u00e4 Markkanen on l\u00e4hell\u00e4.<\/p>\n<p>Katso Kaunis Peli t\u00e4st\u00e4:<\/p>\n<p><strong>LUE MY\u00d6S:\u00a0<a href=\"https:\/\/atleetti.fi\/jari-porttilan-blogi-niskasten-uhkapeli-tourilla\/\" target=\"_blank\" rel=\"nofollow noopener\">Jari Porttilan blogi: Niskasten uhkapeli Tourilla (Atleetti.fi) <\/a><\/strong><\/p>\n","protected":false},"excerpt":{"rendered":"NBA:n All Star-ottelussa ei periaatteessa pelata tosissaan, mutta tapahtumaan p\u00e4\u00e4sy on pelaajalle silti merkitt\u00e4v\u00e4 kunnia. Lauri Markkanen \u00e4\u00e4nestettiin&hellip;\n","protected":false},"author":2,"featured_media":125882,"comment_status":"","ping_status":"","sticky":false,"template":"","format":"standard","meta":{"footnotes":""},"categories":[158],"tags":[33,31,30,159,32,160],"class_list":{"0":"post-125881","1":"post","2":"type-post","3":"status-publish","4":"format-standard","5":"has-post-thumbnail","7":"category-urheilu","8":"tag-fi","9":"tag-finland","10":"tag-finnish","11":"tag-sports","12":"tag-suomi","13":"tag-urheilu"},"share_on_mastodon":{"url":"https:\/\/pubeurope.com\/@fi\/115782852525185682","error":""},"_links":{"self":[{"href":"https:\/\/www.europesays.com\/fi\/wp-json\/wp\/v2\/posts\/125881","targetHints":{"allow":["GET"]}}],"collection":[{"href":"https:\/\/www.europesays.com\/fi\/wp-json\/wp\/v2\/posts"}],"about":[{"href":"https:\/\/www.europesays.com\/fi\/wp-json\/wp\/v2\/types\/post"}],"author":[{"embeddable":true,"href":"https:\/\/www.europesays.com\/fi\/wp-json\/wp\/v2\/users\/2"}],"replies":[{"embeddable":true,"href":"https:\/\/www.europesays.com\/fi\/wp-json\/wp\/v2\/comments?post=125881"}],"version-history":[{"count":0,"href":"https:\/\/www.europesays.com\/fi\/wp-json\/wp\/v2\/posts\/125881\/revisions"}],"wp:featuredmedia":[{"embeddable":true,"href":"https:\/\/www.europesays.com\/fi\/wp-json\/wp\/v2\/media\/125882"}],"wp:attachment":[{"href":"https:\/\/www.europesays.com\/fi\/wp-json\/wp\/v2\/media?parent=125881"}],"wp:term":[{"taxonomy":"category","embeddable":true,"href":"https:\/\/www.europesays.com\/fi\/wp-json\/wp\/v2\/categories?post=125881"},{"taxonomy":"post_tag","embeddable":true,"href":"https:\/\/www.europesays.com\/fi\/wp-json\/wp\/v2\/tags?post=125881"}],"curies":[{"name":"wp","href":"https:\/\/api.w.org\/{rel}","templated":true}]}}