{"id":125888,"date":"2025-12-25T23:50:12","date_gmt":"2025-12-25T23:50:12","guid":{"rendered":"https:\/\/www.europesays.com\/fi\/125888\/"},"modified":"2025-12-25T23:50:12","modified_gmt":"2025-12-25T23:50:12","slug":"trump-kertoi-usan-tehneen-useita-iskuja-isis-terroristeja-vastaan-nigeriassa-uutisia-lyhyesti","status":"publish","type":"post","link":"https:\/\/www.europesays.com\/fi\/125888\/","title":{"rendered":"Trump kertoi USA:n tehneen useita iskuja Isis-terroristeja vastaan Nigeriassa | Uutisia lyhyesti"},"content":{"rendered":"<p class=\"aw-1gybjub aw-5vja16 kEtdKx kmuxyA yle__article__paragraph\">Trump on toistuvasti v\u00e4itt\u00e4nyt, ett\u00e4 Nigeria sallii kristittyjen tappamisen, mutta ei ole esitt\u00e4nyt v\u00e4itteelleen todisteita.<\/p>\n<p><img decoding=\"async\" alt=\"Trump l\u00e4hikuvassa mietteli\u00e4\u00e4n n\u00e4k\u00f6isen\u00e4. \" src=\"https:\/\/www.europesays.com\/fi\/wp-content\/uploads\/2025\/12\/39-1573765694969703d55d.jpeg\" class=\"aw-1l9m598 hKVVvP\"\/><\/p>\n<p>Avaa kuvien katselu<\/p>\n<p>Kuva: Aaron Schwartz  \/ AOP<\/p>\n<p class=\"aw-1gybjub aw-1p7kakr kEtdKx cEmitX yle__article__paragraph\">Yhdysvaltain presidentti <strong class=\"aw-ak79eh KyCXm yle__article__strong\">Donald Trump<\/strong> ilmoitti y\u00f6ll\u00e4 Suomen aikaa, ett\u00e4 Yhdysvallat on suorittanut useita ilmaiskuja Isis-terroristij\u00e4rjest\u00f6\u00e4 vastaan Luoteis-Nigeriassa. Yhdysvaltalaisviranomainen kertoi uutistoimisto Reutersin mukaan, ett\u00e4 Yhdysvallat toteutti iskun Nigerian viranomaisten pyynn\u00f6st\u00e4.<\/p>\n<p class=\"aw-1gybjub aw-1p7kakr kEtdKx cEmitX yle__article__paragraph\"><a class=\"aw-iao6s4 iHOxEa yle__article__link\" href=\"https:\/\/truthsocial.com\/@realDonaldTrump\/posts\/115782683955516402\" role=\"link\" rel=\"nofollow noopener\" target=\"_blank\">Truth Social -viestipalvelussa<\/a> julkaisemassaan viestiss\u00e4 Trump ilmoitti, ett\u00e4 Isis-ryhm\u00e4 on kohdistanut alueella iskuja kristittyj\u00e4 vastaan.<\/p>\n<p class=\"aw-1gybjub aw-1p7kakr kEtdKx cEmitX yle__article__paragraph\">Trump on <a class=\"aw-iao6s4 iHOxEa yle__article__link\" href=\"https:\/\/yle.fi\/a\/74-20191709\" role=\"link\" rel=\"nofollow noopener\" target=\"_blank\">useaan otteeseen sanonut<\/a> Nigerian sallivan kristittyjen tappamisen ja uhannut maata sotatoimilla ja avustusten lakkauttamisella. H\u00e4n ei ole perustellut v\u00e4itett\u00e4\u00e4n.<\/p>\n<p class=\"aw-1gybjub aw-1p7kakr kEtdKx cEmitX yle__article__paragraph\">Nigerian presidentti <strong class=\"aw-ak79eh KyCXm yle__article__strong\">Bola Ahmed Tinubu<\/strong> on kiist\u00e4nyt Trumpin v\u00e4itteet kristittyjen vainoamisesta maassa.<\/p>\n<p class=\"aw-1gybjub aw-1p7kakr kEtdKx cEmitX yle__article__paragraph\">\u2013 Nigerian luonnehtiminen uskonnollisesti suvaitsemattomaksi ei heijasta kansallista todellisuuttamme, presidentti Tinubu vastasi Trumpille marraskuussa viestipalvelu X:ss\u00e4.<\/p>\n<p class=\"aw-1gybjub aw-1p7kakr kEtdKx cEmitX yle__article__paragraph\">Maanantaina Nigeria ilmoitti, ett\u00e4 sen diplomaattiset kiistat Yhdysvaltojen kanssa on p\u00e4\u00e4osin selvitetty. Yhdysvaltojen kongressin delegaatio vieraili Nigeriassa aiemmin t\u00e4ss\u00e4 kuussa.<\/p>\n<p>Taustalla ahkeraa lobbausta<\/p>\n<p class=\"aw-1gybjub aw-1p7kakr kEtdKx cEmitX yle__article__paragraph\">Trump on lis\u00e4nnyt Nigerian my\u00f6s Yhdysvaltain listalle erityisen huolestuttavista maista.<\/p>\n<p class=\"aw-1gybjub aw-1p7kakr kEtdKx cEmitX yle__article__paragraph\">Listalla on maita, jotka ovat Yhdysvaltojen mukaan vastuussa erityisen vakavista uskonnonvapauden loukkauksista.<\/p>\n<p class=\"aw-1gybjub aw-1p7kakr kEtdKx cEmitX yle__article__paragraph\">Nigerian lis\u00e4\u00e4mist\u00e4 listalle oli ollut vaatimassa muun muassa yhdysvaltalaisia republikaanipoliitikkoja sek\u00e4 kristittyjen etuja ajavia j\u00e4rjest\u00f6j\u00e4. He olivat v\u00e4itt\u00e4neet perusteettomasti, ett\u00e4 v\u00e4kiluvultaan Afrikan suurimmassa maassa kristittyihin kohdistetaan kansanmurhaa.<\/p>\n<p class=\"aw-1gybjub aw-1p7kakr kEtdKx cEmitX yle__article__paragraph\">Nigeriassa on v\u00e4kivaltaisia islamistiryhmi\u00e4, mutta asiantuntijoiden mukaan ne eiv\u00e4t valikoi hy\u00f6kk\u00e4ystens\u00e4 kohteiksi erityisesti kristittyj\u00e4. Konflikteissa surmataan kristittyjen ohella my\u00f6s muslimeja, joita on Nigerian v\u00e4est\u00f6st\u00e4 noin puolet, toisen puolen ollessa kristittyj\u00e4.<\/p>\n<p class=\"aw-1gybjub aw-1p7kakr kEtdKx cEmitX yle__article__paragraph\">Konflikteja seuraavan yhdysvaltalaisen ACLED-tutkimuslaitoksen marraskuussa uutistoimisto AFP:lle toimittamien tietojen mukaan vuodesta 2009 alkaen l\u00e4hes 53 000 siviili\u00e4, niin kristittyj\u00e4 kuin muslimeja, olisi surmattu poliittisista syist\u00e4. ACLED:n mukaan vuosina 2020\u20132025 Nigeriassa on tapahtunut noin 390 kristittyihin kohdistunutta v\u00e4kivaltaista iskua, joissa on kuollut kaikkiaan noin 320 ihmist\u00e4. Samaisena ajanjaksona muslimeihin kohdistui vajaat 200 iskua, joissa kuoli yhteens\u00e4 ainakin noin 420 ihmist\u00e4.<\/p>\n<p class=\"aw-1gybjub aw-1p7kakr kEtdKx cEmitX yle__article__paragraph\">L\u00e4hteet: Reuters, AFP<\/p>\n<p class=\"aw-1gybjub aw-1p7kakr kEtdKx cEmitX yle__article__paragraph\">Uutinen p\u00e4ivittyy.<\/p>\n","protected":false},"excerpt":{"rendered":"Trump on toistuvasti v\u00e4itt\u00e4nyt, ett\u00e4 Nigeria sallii kristittyjen tappamisen, mutta ei ole esitt\u00e4nyt v\u00e4itteelleen todisteita. Avaa kuvien katselu&hellip;\n","protected":false},"author":2,"featured_media":125889,"comment_status":"","ping_status":"","sticky":false,"template":"","format":"standard","meta":{"footnotes":""},"categories":[5],"tags":[22,23,26,27,33,31,30,17,4258,24,25,28,29,15,18,21,32,19,20,56,16],"class_list":{"0":"post-125888","1":"post","2":"type-post","3":"status-publish","4":"format-standard","5":"has-post-thumbnail","7":"category-otsikot","8":"tag-breaking-news","9":"tag-breakingnews","10":"tag-featured-news","11":"tag-featurednews","12":"tag-fi","13":"tag-finland","14":"tag-finnish","15":"tag-headlines","16":"tag-konfliktit","17":"tag-latest-news","18":"tag-latestnews","19":"tag-main-news","20":"tag-mainnews","21":"tag-news","22":"tag-otsikot","23":"tag-paauutiset","24":"tag-suomi","25":"tag-top-stories","26":"tag-topstories","27":"tag-ulkomaat","28":"tag-uutiset"},"share_on_mastodon":{"url":"","error":""},"_links":{"self":[{"href":"https:\/\/www.europesays.com\/fi\/wp-json\/wp\/v2\/posts\/125888","targetHints":{"allow":["GET"]}}],"collection":[{"href":"https:\/\/www.europesays.com\/fi\/wp-json\/wp\/v2\/posts"}],"about":[{"href":"https:\/\/www.europesays.com\/fi\/wp-json\/wp\/v2\/types\/post"}],"author":[{"embeddable":true,"href":"https:\/\/www.europesays.com\/fi\/wp-json\/wp\/v2\/users\/2"}],"replies":[{"embeddable":true,"href":"https:\/\/www.europesays.com\/fi\/wp-json\/wp\/v2\/comments?post=125888"}],"version-history":[{"count":0,"href":"https:\/\/www.europesays.com\/fi\/wp-json\/wp\/v2\/posts\/125888\/revisions"}],"wp:featuredmedia":[{"embeddable":true,"href":"https:\/\/www.europesays.com\/fi\/wp-json\/wp\/v2\/media\/125889"}],"wp:attachment":[{"href":"https:\/\/www.europesays.com\/fi\/wp-json\/wp\/v2\/media?parent=125888"}],"wp:term":[{"taxonomy":"category","embeddable":true,"href":"https:\/\/www.europesays.com\/fi\/wp-json\/wp\/v2\/categories?post=125888"},{"taxonomy":"post_tag","embeddable":true,"href":"https:\/\/www.europesays.com\/fi\/wp-json\/wp\/v2\/tags?post=125888"}],"curies":[{"name":"wp","href":"https:\/\/api.w.org\/{rel}","templated":true}]}}