{"id":125893,"date":"2025-12-26T00:10:14","date_gmt":"2025-12-26T00:10:14","guid":{"rendered":"https:\/\/www.europesays.com\/fi\/125893\/"},"modified":"2025-12-26T00:10:14","modified_gmt":"2025-12-26T00:10:14","slug":"leijonkuningas-lapsitahti-puukotettu-kuoliaaksi-poikaystava-syytteeseen-murhasta","status":"publish","type":"post","link":"https:\/\/www.europesays.com\/fi\/125893\/","title":{"rendered":"Leijonkuningas-lapsit\u00e4hti puukotettu kuoliaaksi &#8211; Poikayst\u00e4v\u00e4 syytteeseen murhasta"},"content":{"rendered":"<p>Entinen Broadway-lapsit\u00e4hti <strong>Imani Smith <\/strong>on kuollut 26-vuotiaana puukotuksen seurauksena. H\u00e4nen poikayst\u00e4v\u00e4\u00e4ns\u00e4 vastaan on nostettu syyte ensimm\u00e4isen asteen murhasta.<\/p>\n<p>Smith l\u00f6ydettiin kuolleena New Jerseyn kodistaan 21.12. soitetun h\u00e4t\u00e4puhelun j\u00e4lkeen. H\u00e4net kuljetettiin paikalliseen sairaalaan, mutta todettiin kuolleeksi.<\/p>\n<p>Lue my\u00f6s: <a href=\"https:\/\/www.episodi.fi\/uutiset\/tiesitko-tata-alkuperaisen-leijonakuninkaan-ikoninen-kohtaus-vaati-kolmen-vuoden-tyon\/\" title=\"Tiesitk\u00f6 t\u00e4t\u00e4? Alkuper\u00e4isen Leijonakuninkaan ikoninen kohtaus vaati kolmen vuoden ty\u00f6n\" class=\"underline-custom !font-montserrat !font-bold !underline-offset-4 !decoration-4 !decoration-episodi-blue !text-md\" rel=\"nofollow noopener\" target=\"_blank\">Tiesitk\u00f6 t\u00e4t\u00e4? Alkuper\u00e4isen Leijonakuninkaan ikoninen kohtaus vaati kolmen vuoden ty\u00f6n<\/a><\/p>\n<p>Lue my\u00f6s: <a href=\"https:\/\/www.episodi.fi\/uutiset\/tiesitko-tata-maailman-paras-elokuva-floppasi-lippuluukuilla-ja-jai-ilman-palkintoja-pelastus-loytyi-ihmisten-kotoa\/\" title=\"Tiesitk\u00f6 t\u00e4t\u00e4? \u201cMaailman paras elokuva\u201d floppasi lippuluukuilla ja j\u00e4i ilman palkintoja \u2013 pelastus l\u00f6ytyi ihmisten kotoa\" class=\"underline-custom !font-montserrat !font-bold !underline-offset-4 !decoration-4 !decoration-episodi-blue !text-md\" rel=\"nofollow noopener\" target=\"_blank\">Tiesitk\u00f6 t\u00e4t\u00e4? \u201cMaailman paras elokuva\u201d floppasi lippuluukuilla ja j\u00e4i ilman palkintoja \u2013 pelastus l\u00f6ytyi ihmisten kotoa<\/a><\/p>\n<p>Poliisi pid\u00e4tti 35-vuotiaan <strong>Jordan D. Jackson-Smallin<\/strong>, jonka viranomaiset ja Smithin t\u00e4ti kuvaavat uhrin poikayst\u00e4v\u00e4ksi. Tekoa ei pidet\u00e4 satunnaisena v\u00e4kivaltana.<\/p>\n<p>Smith n\u00e4ytteli nuorta Nalaa Disneyn Leijonakuningas-musikaalissa Broadwaylla 2011\u20132012. H\u00e4n oli tuolloin 11-13-vuotias.<\/p>\n<p>L\u00e4hde: <a href=\"https:\/\/deadline.com\/2025\/12\/imani-smith-lion-king-boyfriend-murder-1236656633\/\" rel=\"nofollow noopener\" target=\"_blank\">Deadline<\/a><\/p>\n<p>Lue my\u00f6s: <a href=\"https:\/\/www.episodi.fi\/uutiskirje\/?uutiskirjemainos=tekstilinkkimainos\" title=\"Tilaa Episodin uutiskirje ja voit voittaa leffalippuja! Nappaa tv-vinkit suoraan s\u00e4hk\u00f6postiin t\u00e4st\u00e4.\" class=\"underline-custom !font-montserrat !font-bold !underline-offset-4 !decoration-4 !decoration-episodi-blue !text-md\" rel=\"nofollow noopener\" target=\"_blank\">Tilaa Episodin uutiskirje ja voit voittaa leffalippuja! Nappaa katseluvinkit suoraan s\u00e4hk\u00f6postiin t\u00e4st\u00e4.<\/a><\/p>\n<p>\t\t\t<a href=\"https:\/\/www.facebook.com\/sharer\/sharer.php?u=https:\/\/www.episodi.fi\/uutiset\/leijonkuningas-lapsitahti-puukotettu-kuoliaaksi-poikaystava-syytteeseen-murhasta\/\" target=\"_blank\" class=\"block px-4 py-2 text-sm text-gray-800 border-b hover:bg-gray-200\" rel=\"nofollow noopener\"><\/p>\n<p>\t\t\t\tFacebook<br \/>\n\t\t\t<\/a><br \/>\n\t\t\t<a href=\"https:\/\/twitter.com\/intent\/tweet?text=https:\/\/www.episodi.fi\/uutiset\/leijonkuningas-lapsitahti-puukotettu-kuoliaaksi-poikaystava-syytteeseen-murhasta\/\" target=\"_blank\" class=\"block px-4 py-2 text-sm text-gray-800 border-b hover:bg-gray-200\" rel=\"nofollow noopener\"><\/p>\n<p>\t\t\t\tTwitter<br \/>\n\t\t\t<\/a><br \/>\n\t\t\t<a href=\"mailto:?subject=Leijonkuningas-lapsit\u00e4hti puukotettu kuoliaaksi \u2013 Poikayst\u00e4v\u00e4 syytteeseen murhasta&amp;body=https:\/\/www.episodi.fi\/uutiset\/leijonkuningas-lapsitahti-puukotettu-kuoliaaksi-poikaystava-syytteeseen-murhasta\/\" target=\"_blank\" class=\"block px-4 py-2 text-sm text-gray-800 border-b hover:bg-gray-200\"><\/p>\n<p>\t\t\t\tS\u00e4hk\u00f6posti<\/a><\/p>\n<p>\t\t\t\t<script async src=\"https:\/\/platform.twitter.com\/widgets.js\" charset=\"utf-8\"><\/script><\/p>\n","protected":false},"excerpt":{"rendered":"Entinen Broadway-lapsit\u00e4hti Imani Smith on kuollut 26-vuotiaana puukotuksen seurauksena. H\u00e4nen poikayst\u00e4v\u00e4\u00e4ns\u00e4 vastaan on nostettu syyte ensimm\u00e4isen asteen murhasta.&hellip;\n","protected":false},"author":2,"featured_media":16716,"comment_status":"","ping_status":"","sticky":false,"template":"","format":"standard","meta":{"footnotes":""},"categories":[130],"tags":[137,33,31,30,22421,15525,32,109],"class_list":{"0":"post-125893","1":"post","2":"type-post","3":"status-publish","4":"format-standard","5":"has-post-thumbnail","7":"category-viihde","8":"tag-entertainment","9":"tag-fi","10":"tag-finland","11":"tag-finnish","12":"tag-imani-smith","13":"tag-leijonakuningas","14":"tag-suomi","15":"tag-viihde"},"share_on_mastodon":{"url":"https:\/\/pubeurope.com\/@fi\/115782970439347733","error":""},"_links":{"self":[{"href":"https:\/\/www.europesays.com\/fi\/wp-json\/wp\/v2\/posts\/125893","targetHints":{"allow":["GET"]}}],"collection":[{"href":"https:\/\/www.europesays.com\/fi\/wp-json\/wp\/v2\/posts"}],"about":[{"href":"https:\/\/www.europesays.com\/fi\/wp-json\/wp\/v2\/types\/post"}],"author":[{"embeddable":true,"href":"https:\/\/www.europesays.com\/fi\/wp-json\/wp\/v2\/users\/2"}],"replies":[{"embeddable":true,"href":"https:\/\/www.europesays.com\/fi\/wp-json\/wp\/v2\/comments?post=125893"}],"version-history":[{"count":0,"href":"https:\/\/www.europesays.com\/fi\/wp-json\/wp\/v2\/posts\/125893\/revisions"}],"wp:featuredmedia":[{"embeddable":true,"href":"https:\/\/www.europesays.com\/fi\/wp-json\/wp\/v2\/media\/16716"}],"wp:attachment":[{"href":"https:\/\/www.europesays.com\/fi\/wp-json\/wp\/v2\/media?parent=125893"}],"wp:term":[{"taxonomy":"category","embeddable":true,"href":"https:\/\/www.europesays.com\/fi\/wp-json\/wp\/v2\/categories?post=125893"},{"taxonomy":"post_tag","embeddable":true,"href":"https:\/\/www.europesays.com\/fi\/wp-json\/wp\/v2\/tags?post=125893"}],"curies":[{"name":"wp","href":"https:\/\/api.w.org\/{rel}","templated":true}]}}